{"id":170911,"date":"2020-10-14T06:00:42","date_gmt":"2020-10-14T09:00:42","guid":{"rendered":"https:\/\/diarioregionaldigital.com.br\/?p=170911"},"modified":"2021-01-19T22:08:04","modified_gmt":"2021-01-20T01:08:04","slug":"prefeitura-municipal-de-camara-de-matias-barbosa-licitacao-no45-14-10-2020","status":"publish","type":"post","link":"https:\/\/diarioregionaldigital.com.br\/?p=170911","title":{"rendered":"C\u00e2mara Municipal de Matias Barbosa &#8211; Licita\u00e7\u00e3o n\u00ba45 &#8211; 14\/10\/2020"},"content":{"rendered":"<p><img loading=\"lazy\" decoding=\"async\" class=\"aligncenter wp-image-170905\" src=\"https:\/\/diarioregionaldigital.com.br\/wp-content\/uploads\/2020\/10\/C\u00c2MARA-DE-MATIAS-BARBOSA-REPUBLICA\u00c7\u00c3O-AVISO-DE-LICITA\u00c7\u00c3O.jpg\" alt=\"\" width=\"500\" height=\"496\" srcset=\"https:\/\/diarioregionaldigital.com.br\/wp-content\/uploads\/2020\/10\/C\u00c2MARA-DE-MATIAS-BARBOSA-REPUBLICA\u00c7\u00c3O-AVISO-DE-LICITA\u00c7\u00c3O.jpg 2137w, https:\/\/diarioregionaldigital.com.br\/wp-content\/uploads\/2020\/10\/C\u00c2MARA-DE-MATIAS-BARBOSA-REPUBLICA\u00c7\u00c3O-AVISO-DE-LICITA\u00c7\u00c3O-300x298.jpg 300w, https:\/\/diarioregionaldigital.com.br\/wp-content\/uploads\/2020\/10\/C\u00c2MARA-DE-MATIAS-BARBOSA-REPUBLICA\u00c7\u00c3O-AVISO-DE-LICITA\u00c7\u00c3O-1024x1017.jpg 1024w, https:\/\/diarioregionaldigital.com.br\/wp-content\/uploads\/2020\/10\/C\u00c2MARA-DE-MATIAS-BARBOSA-REPUBLICA\u00c7\u00c3O-AVISO-DE-LICITA\u00c7\u00c3O-150x150.jpg 150w, https:\/\/diarioregionaldigital.com.br\/wp-content\/uploads\/2020\/10\/C\u00c2MARA-DE-MATIAS-BARBOSA-REPUBLICA\u00c7\u00c3O-AVISO-DE-LICITA\u00c7\u00c3O-768x763.jpg 768w, https:\/\/diarioregionaldigital.com.br\/wp-content\/uploads\/2020\/10\/C\u00c2MARA-DE-MATIAS-BARBOSA-REPUBLICA\u00c7\u00c3O-AVISO-DE-LICITA\u00c7\u00c3O-1536x1525.jpg 1536w, https:\/\/diarioregionaldigital.com.br\/wp-content\/uploads\/2020\/10\/C\u00c2MARA-DE-MATIAS-BARBOSA-REPUBLICA\u00c7\u00c3O-AVISO-DE-LICITA\u00c7\u00c3O-2048x2034.jpg 2048w, https:\/\/diarioregionaldigital.com.br\/wp-content\/uploads\/2020\/10\/C\u00c2MARA-DE-MATIAS-BARBOSA-REPUBLICA\u00c7\u00c3O-AVISO-DE-LICITA\u00c7\u00c3O-180x180.jpg 180w, https:\/\/diarioregionaldigital.com.br\/wp-content\/uploads\/2020\/10\/C\u00c2MARA-DE-MATIAS-BARBOSA-REPUBLICA\u00c7\u00c3O-AVISO-DE-LICITA\u00c7\u00c3O-120x120.jpg 120w, https:\/\/diarioregionaldigital.com.br\/wp-content\/uploads\/2020\/10\/C\u00c2MARA-DE-MATIAS-BARBOSA-REPUBLICA\u00c7\u00c3O-AVISO-DE-LICITA\u00c7\u00c3O-360x357.jpg 360w, https:\/\/diarioregionaldigital.com.br\/wp-content\/uploads\/2020\/10\/C\u00c2MARA-DE-MATIAS-BARBOSA-REPUBLICA\u00c7\u00c3O-AVISO-DE-LICITA\u00c7\u00c3O-80x80.jpg 80w\" sizes=\"auto, (max-width: 500px) 100vw, 500px\" \/><\/p>\n","protected":false},"excerpt":{"rendered":"","protected":false},"author":96,"featured_media":0,"comment_status":"closed","ping_status":"closed","sticky":false,"template":"","format":"standard","meta":{"footnotes":""},"categories":[307],"tags":[],"class_list":["post-170911","post","type-post","status-publish","format-standard","hentry","category-editais"],"_links":{"self":[{"href":"https:\/\/diarioregionaldigital.com.br\/index.php?rest_route=\/wp\/v2\/posts\/170911","targetHints":{"allow":["GET"]}}],"collection":[{"href":"https:\/\/diarioregionaldigital.com.br\/index.php?rest_route=\/wp\/v2\/posts"}],"about":[{"href":"https:\/\/diarioregionaldigital.com.br\/index.php?rest_route=\/wp\/v2\/types\/post"}],"author":[{"embeddable":true,"href":"https:\/\/diarioregionaldigital.com.br\/index.php?rest_route=\/wp\/v2\/users\/96"}],"replies":[{"embeddable":true,"href":"https:\/\/diarioregionaldigital.com.br\/index.php?rest_route=%2Fwp%2Fv2%2Fcomments&post=170911"}],"version-history":[{"count":0,"href":"https:\/\/diarioregionaldigital.com.br\/index.php?rest_route=\/wp\/v2\/posts\/170911\/revisions"}],"wp:attachment":[{"href":"https:\/\/diarioregionaldigital.com.br\/index.php?rest_route=%2Fwp%2Fv2%2Fmedia&parent=170911"}],"wp:term":[{"taxonomy":"category","embeddable":true,"href":"https:\/\/diarioregionaldigital.com.br\/index.php?rest_route=%2Fwp%2Fv2%2Fcategories&post=170911"},{"taxonomy":"post_tag","embeddable":true,"href":"https:\/\/diarioregionaldigital.com.br\/index.php?rest_route=%2Fwp%2Fv2%2Ftags&post=170911"}],"curies":[{"name":"wp","href":"https:\/\/api.w.org\/{rel}","templated":true}]}}