{"id":170908,"date":"2020-10-14T06:00:23","date_gmt":"2020-10-14T09:00:23","guid":{"rendered":"https:\/\/diarioregionaldigital.com.br\/?p=170908"},"modified":"2020-10-14T01:52:41","modified_gmt":"2020-10-14T04:52:41","slug":"competencia-4","status":"publish","type":"post","link":"https:\/\/diarioregionaldigital.com.br\/?p=170908","title":{"rendered":"Compet\u00eancia"},"content":{"rendered":"<p style=\"text-align: center;\"><strong>Or\u00e7amento<\/strong><\/p>\n<p style=\"text-align: center;\">O presidente da Mesa Diretora da C\u00e2mara Municipal de Juiz de Fora, vereador Luiz Ot\u00e1vio Coelho (Pardal) anunciou que pode devolver aos cofres do Munic\u00edpio de Juiz de Fora, cerca de R$10 milh\u00f5es referentes a economia realizada no or\u00e7amento do exerc\u00edcio financeiro de 2020. A predile\u00e7\u00e3o da Casa \u00e9 de que os recursos sejam investidos pelo Munic\u00edpio no enfrentamento a Covid-19.<\/p>\n<p style=\"text-align: center;\"><strong>Compet\u00eancia<\/strong><\/p>\n<p style=\"text-align: center;\">Din\u00e2mica e atuante, o jornalista Zilvan Martins foi nomeado secret\u00e1rio de Comunica\u00e7\u00e3o P\u00fablica da Prefeitura de Juiz de Fora. Para o seu lugar na ger\u00eancia de Imprensa entra Luciana Peralta, que ser\u00e1 sucedida por Samara Miranda na assessoria da Secretaria de Obras e da Empav.<\/p>\n<p style=\"text-align: center;\"><span style=\"font-size: 14pt;\"><strong>Para Refletir<\/strong><\/span><\/p>\n<p style=\"text-align: center;\">A pandemia n\u00e3o atingiu apenas os contaminados pela Covid-19. Especialistas apontam que as consequ\u00eancias f\u00edsicas e mentais de seis meses de uma rotina restritiva foi p\u00e9ssima para o ser humano. Aguardamos a vacina, mas \u00e9 importante levar em considera\u00e7\u00e3o os problemas que trabalhar, socializar e viver em uma s\u00e9rie de pequenos espa\u00e7os est\u00e1 causando- e tomar medidas para resolv\u00ea-los.<\/p>\n<p>&nbsp;<\/p>\n<div id=\"attachment_170895\" style=\"width: 690px\" class=\"wp-caption aligncenter\"><img loading=\"lazy\" decoding=\"async\" aria-describedby=\"caption-attachment-170895\" class=\"wp-image-170895\" src=\"https:\/\/diarioregionaldigital.com.br\/wp-content\/uploads\/2020\/10\/fotoa-4-e1602650186285.jpg\" alt=\"\" width=\"680\" height=\"469\" srcset=\"https:\/\/diarioregionaldigital.com.br\/wp-content\/uploads\/2020\/10\/fotoa-4-e1602650186285.jpg 717w, https:\/\/diarioregionaldigital.com.br\/wp-content\/uploads\/2020\/10\/fotoa-4-e1602650186285-300x207.jpg 300w, https:\/\/diarioregionaldigital.com.br\/wp-content\/uploads\/2020\/10\/fotoa-4-e1602650186285-360x248.jpg 360w, https:\/\/diarioregionaldigital.com.br\/wp-content\/uploads\/2020\/10\/fotoa-4-e1602650186285-100x70.jpg 100w\" sizes=\"auto, (max-width: 680px) 100vw, 680px\" \/><p id=\"caption-attachment-170895\" class=\"wp-caption-text\">Em destaque Ros\u00e2ngela Rossi e a natureza dos tsuru trazendo paz e energia positivas para os leitores desta coluna social<\/p><\/div>\n<div id=\"attachment_170896\" style=\"width: 690px\" class=\"wp-caption aligncenter\"><img loading=\"lazy\" decoding=\"async\" aria-describedby=\"caption-attachment-170896\" class=\"wp-image-170896\" src=\"https:\/\/diarioregionaldigital.com.br\/wp-content\/uploads\/2020\/10\/fotob-7-e1602650232689.jpg\" alt=\"\" width=\"680\" height=\"509\" srcset=\"https:\/\/diarioregionaldigital.com.br\/wp-content\/uploads\/2020\/10\/fotob-7-e1602650232689.jpg 1435w, https:\/\/diarioregionaldigital.com.br\/wp-content\/uploads\/2020\/10\/fotob-7-e1602650232689-300x225.jpg 300w, https:\/\/diarioregionaldigital.com.br\/wp-content\/uploads\/2020\/10\/fotob-7-e1602650232689-1024x767.jpg 1024w, https:\/\/diarioregionaldigital.com.br\/wp-content\/uploads\/2020\/10\/fotob-7-e1602650232689-768x575.jpg 768w, https:\/\/diarioregionaldigital.com.br\/wp-content\/uploads\/2020\/10\/fotob-7-e1602650232689-360x270.jpg 360w\" sizes=\"auto, (max-width: 680px) 100vw, 680px\" \/><p id=\"caption-attachment-170896\" class=\"wp-caption-text\">Em Portugal, o chef Diego Almeida faz sucesso com sua linha gastron\u00f4mica 5 estrelas<\/p><\/div>\n<div id=\"attachment_170897\" style=\"width: 690px\" class=\"wp-caption aligncenter\"><img loading=\"lazy\" decoding=\"async\" aria-describedby=\"caption-attachment-170897\" class=\"wp-image-170897\" src=\"https:\/\/diarioregionaldigital.com.br\/wp-content\/uploads\/2020\/10\/fotoc-7-e1602650261104.jpg\" alt=\"\" width=\"680\" height=\"543\" srcset=\"https:\/\/diarioregionaldigital.com.br\/wp-content\/uploads\/2020\/10\/fotoc-7-e1602650261104.jpg 1239w, https:\/\/diarioregionaldigital.com.br\/wp-content\/uploads\/2020\/10\/fotoc-7-e1602650261104-300x239.jpg 300w, https:\/\/diarioregionaldigital.com.br\/wp-content\/uploads\/2020\/10\/fotoc-7-e1602650261104-1024x817.jpg 1024w, https:\/\/diarioregionaldigital.com.br\/wp-content\/uploads\/2020\/10\/fotoc-7-e1602650261104-768x613.jpg 768w, https:\/\/diarioregionaldigital.com.br\/wp-content\/uploads\/2020\/10\/fotoc-7-e1602650261104-360x287.jpg 360w\" sizes=\"auto, (max-width: 680px) 100vw, 680px\" \/><p id=\"caption-attachment-170897\" class=\"wp-caption-text\">A deslumbrante Ariane Dutra Ferreira, em close iluminando esta coluna de 4\u00aa feira<\/p><\/div>\n<div id=\"attachment_170898\" style=\"width: 690px\" class=\"wp-caption aligncenter\"><img loading=\"lazy\" decoding=\"async\" aria-describedby=\"caption-attachment-170898\" class=\"wp-image-170898\" src=\"https:\/\/diarioregionaldigital.com.br\/wp-content\/uploads\/2020\/10\/fotod-6-e1602650304916.jpg\" alt=\"\" width=\"680\" height=\"469\" srcset=\"https:\/\/diarioregionaldigital.com.br\/wp-content\/uploads\/2020\/10\/fotod-6-e1602650304916.jpg 907w, https:\/\/diarioregionaldigital.com.br\/wp-content\/uploads\/2020\/10\/fotod-6-e1602650304916-300x207.jpg 300w, https:\/\/diarioregionaldigital.com.br\/wp-content\/uploads\/2020\/10\/fotod-6-e1602650304916-768x530.jpg 768w, https:\/\/diarioregionaldigital.com.br\/wp-content\/uploads\/2020\/10\/fotod-6-e1602650304916-360x248.jpg 360w, https:\/\/diarioregionaldigital.com.br\/wp-content\/uploads\/2020\/10\/fotod-6-e1602650304916-100x70.jpg 100w\" sizes=\"auto, (max-width: 680px) 100vw, 680px\" \/><p id=\"caption-attachment-170898\" class=\"wp-caption-text\">Antes da pandemia, em noite de festa Neneza, Mara Costa e Euler Santiago<\/p><\/div>\n<div id=\"attachment_170899\" style=\"width: 690px\" class=\"wp-caption aligncenter\"><img loading=\"lazy\" decoding=\"async\" aria-describedby=\"caption-attachment-170899\" class=\"wp-image-170899\" src=\"https:\/\/diarioregionaldigital.com.br\/wp-content\/uploads\/2020\/10\/fotoe-5.jpg\" alt=\"\" width=\"680\" height=\"510\" srcset=\"https:\/\/diarioregionaldigital.com.br\/wp-content\/uploads\/2020\/10\/fotoe-5.jpg 960w, https:\/\/diarioregionaldigital.com.br\/wp-content\/uploads\/2020\/10\/fotoe-5-300x225.jpg 300w, https:\/\/diarioregionaldigital.com.br\/wp-content\/uploads\/2020\/10\/fotoe-5-768x576.jpg 768w, https:\/\/diarioregionaldigital.com.br\/wp-content\/uploads\/2020\/10\/fotoe-5-360x270.jpg 360w\" sizes=\"auto, (max-width: 680px) 100vw, 680px\" \/><p id=\"caption-attachment-170899\" class=\"wp-caption-text\">As poderosas Fran\u00e7oise Loures e Silvana Mara na espera da pandemia passar<\/p><\/div>\n<div id=\"attachment_170900\" style=\"width: 690px\" class=\"wp-caption aligncenter\"><img loading=\"lazy\" decoding=\"async\" aria-describedby=\"caption-attachment-170900\" class=\"wp-image-170900\" src=\"https:\/\/diarioregionaldigital.com.br\/wp-content\/uploads\/2020\/10\/fotof-1-e1602650352279.jpeg\" alt=\"\" width=\"680\" height=\"463\" srcset=\"https:\/\/diarioregionaldigital.com.br\/wp-content\/uploads\/2020\/10\/fotof-1-e1602650352279.jpeg 1174w, https:\/\/diarioregionaldigital.com.br\/wp-content\/uploads\/2020\/10\/fotof-1-e1602650352279-300x204.jpeg 300w, https:\/\/diarioregionaldigital.com.br\/wp-content\/uploads\/2020\/10\/fotof-1-e1602650352279-1024x698.jpeg 1024w, https:\/\/diarioregionaldigital.com.br\/wp-content\/uploads\/2020\/10\/fotof-1-e1602650352279-768x523.jpeg 768w, https:\/\/diarioregionaldigital.com.br\/wp-content\/uploads\/2020\/10\/fotof-1-e1602650352279-360x245.jpeg 360w\" sizes=\"auto, (max-width: 680px) 100vw, 680px\" \/><p id=\"caption-attachment-170900\" class=\"wp-caption-text\">No m\u00eas da crian\u00e7a, Maria Fernanda foi fotografada pelo seu pai Leonardo Souza<\/p><\/div>\n<div id=\"attachment_170901\" style=\"width: 690px\" class=\"wp-caption aligncenter\"><img loading=\"lazy\" decoding=\"async\" aria-describedby=\"caption-attachment-170901\" class=\"wp-image-170901\" src=\"https:\/\/diarioregionaldigital.com.br\/wp-content\/uploads\/2020\/10\/fotog-6-e1602650411481.jpg\" alt=\"\" width=\"680\" height=\"504\" srcset=\"https:\/\/diarioregionaldigital.com.br\/wp-content\/uploads\/2020\/10\/fotog-6-e1602650411481.jpg 1122w, https:\/\/diarioregionaldigital.com.br\/wp-content\/uploads\/2020\/10\/fotog-6-e1602650411481-300x222.jpg 300w, https:\/\/diarioregionaldigital.com.br\/wp-content\/uploads\/2020\/10\/fotog-6-e1602650411481-1024x759.jpg 1024w, https:\/\/diarioregionaldigital.com.br\/wp-content\/uploads\/2020\/10\/fotog-6-e1602650411481-768x569.jpg 768w, https:\/\/diarioregionaldigital.com.br\/wp-content\/uploads\/2020\/10\/fotog-6-e1602650411481-360x267.jpg 360w\" sizes=\"auto, (max-width: 680px) 100vw, 680px\" \/><p id=\"caption-attachment-170901\" class=\"wp-caption-text\">Curtindo a estrada e os animais, o querido Guilherme Ar\u00eaas<\/p><\/div>\n<div id=\"attachment_170902\" style=\"width: 690px\" class=\"wp-caption aligncenter\"><img loading=\"lazy\" decoding=\"async\" aria-describedby=\"caption-attachment-170902\" class=\"wp-image-170902\" src=\"https:\/\/diarioregionaldigital.com.br\/wp-content\/uploads\/2020\/10\/fotoh-5-e1602650440219.jpg\" alt=\"\" width=\"680\" height=\"488\" srcset=\"https:\/\/diarioregionaldigital.com.br\/wp-content\/uploads\/2020\/10\/fotoh-5-e1602650440219.jpg 731w, https:\/\/diarioregionaldigital.com.br\/wp-content\/uploads\/2020\/10\/fotoh-5-e1602650440219-300x215.jpg 300w, https:\/\/diarioregionaldigital.com.br\/wp-content\/uploads\/2020\/10\/fotoh-5-e1602650440219-360x259.jpg 360w\" sizes=\"auto, (max-width: 680px) 100vw, 680px\" \/><p id=\"caption-attachment-170902\" class=\"wp-caption-text\">Salve o Rei do R\u00e1dio, o cantor Thiago Miranda<\/p><\/div>\n<div id=\"attachment_170903\" style=\"width: 690px\" class=\"wp-caption aligncenter\"><img loading=\"lazy\" decoding=\"async\" aria-describedby=\"caption-attachment-170903\" class=\"wp-image-170903\" src=\"https:\/\/diarioregionaldigital.com.br\/wp-content\/uploads\/2020\/10\/fotoi-2-e1602650477742.jpg\" alt=\"\" width=\"680\" height=\"517\" srcset=\"https:\/\/diarioregionaldigital.com.br\/wp-content\/uploads\/2020\/10\/fotoi-2-e1602650477742.jpg 537w, https:\/\/diarioregionaldigital.com.br\/wp-content\/uploads\/2020\/10\/fotoi-2-e1602650477742-300x228.jpg 300w, https:\/\/diarioregionaldigital.com.br\/wp-content\/uploads\/2020\/10\/fotoi-2-e1602650477742-360x274.jpg 360w\" sizes=\"auto, (max-width: 680px) 100vw, 680px\" \/><p id=\"caption-attachment-170903\" class=\"wp-caption-text\">Em tempo de a uni\u00e3o faz a for\u00e7a, os amigos Guilherme Belmiro e Sandra Martins<\/p><\/div>\n<div id=\"attachment_170904\" style=\"width: 690px\" class=\"wp-caption aligncenter\"><img loading=\"lazy\" decoding=\"async\" aria-describedby=\"caption-attachment-170904\" class=\"wp-image-170904\" src=\"https:\/\/diarioregionaldigital.com.br\/wp-content\/uploads\/2020\/10\/fotoj-1-e1602650508882.jpeg\" alt=\"\" width=\"680\" height=\"514\" srcset=\"https:\/\/diarioregionaldigital.com.br\/wp-content\/uploads\/2020\/10\/fotoj-1-e1602650508882.jpeg 765w, https:\/\/diarioregionaldigital.com.br\/wp-content\/uploads\/2020\/10\/fotoj-1-e1602650508882-300x227.jpeg 300w, https:\/\/diarioregionaldigital.com.br\/wp-content\/uploads\/2020\/10\/fotoj-1-e1602650508882-360x272.jpeg 360w\" sizes=\"auto, (max-width: 680px) 100vw, 680px\" \/><p id=\"caption-attachment-170904\" class=\"wp-caption-text\">Na Livraria Dom Pedro II\u00ba, o monarquista Jean Menezes do Carmo prestigiando o livro \u201cOrat\u00f3rio\u201d com o colunista e autor Eduardo Gomes<\/p><\/div>\n<p style=\"text-align: center;\"><strong>FOTOSS\u00cdNTESE<\/strong><\/p>\n<p>Em boa hora, a Santa Casa de Juiz de recebeu o 1\u00ba Batalh\u00e3o de Defesa Qu\u00edmica, Biol\u00f3gica, Radiol\u00f3gica e Nuclear para a devida descontamina\u00e7\u00e3o de diversas \u00e1reas do hospital.<\/p>\n<p>Com f\u00e9 \u00e9 esperan\u00e7a de dias melhores o padre Jos\u00e9 Cismeiro Seabra Ramos foi empossado p\u00e1roco solid\u00e1rio da Igreja Nossa Senhora da F\u00e1tima.<\/p>\n<p>Dentro da campanha Outubro Rosa, a Ascomcer lida com as redes sociais e apresenta a cada dia depoimentos de convidados alertando para a necessidade do exame preventivo do c\u00e2ncer de mama. Ponto para a presidente Alessandra Sampaio e diretoria.<\/p>\n<p>Sempre a frente do momento atual, Ana Tereza Macedo presidente da ADPI (Lact\u00e1rio S\u00e3o Jos\u00e9) distribui mensalmente leite para as m\u00e3es necessitadas.<\/p>\n<p>Aten\u00e7\u00e3o: O Or\u00e7amento do Estado para 2021 teve um d\u00e9fit de R$16,2 bilh\u00f5es, de acordo com mensagem encaminhada pelo Governo de Minas Gerais a Assembleia Legislativa.<\/p>\n<p>Dica: sorvetes, picol\u00e9s, frutas frescas e muita \u00e1gua deve ser op\u00e7\u00e3o para os calorentos de plant\u00e3o.<\/p>\n<p>Enfim: Depois que a raposa j\u00e1 comeu as galinhas, trancar o galinheiro \u00e9 tarde demais. Bom dia.<\/p>\n<p><img loading=\"lazy\" decoding=\"async\" class=\"aligncenter size-full wp-image-170909\" src=\"https:\/\/diarioregionaldigital.com.br\/wp-content\/uploads\/2020\/10\/anuncio67-scaled.jpg\" alt=\"\" width=\"2560\" height=\"975\" srcset=\"https:\/\/diarioregionaldigital.com.br\/wp-content\/uploads\/2020\/10\/anuncio67-scaled.jpg 2560w, https:\/\/diarioregionaldigital.com.br\/wp-content\/uploads\/2020\/10\/anuncio67-300x114.jpg 300w, https:\/\/diarioregionaldigital.com.br\/wp-content\/uploads\/2020\/10\/anuncio67-1024x390.jpg 1024w, https:\/\/diarioregionaldigital.com.br\/wp-content\/uploads\/2020\/10\/anuncio67-768x292.jpg 768w, https:\/\/diarioregionaldigital.com.br\/wp-content\/uploads\/2020\/10\/anuncio67-1536x585.jpg 1536w, https:\/\/diarioregionaldigital.com.br\/wp-content\/uploads\/2020\/10\/anuncio67-2048x780.jpg 2048w, https:\/\/diarioregionaldigital.com.br\/wp-content\/uploads\/2020\/10\/anuncio67-360x137.jpg 360w\" sizes=\"auto, (max-width: 2560px) 100vw, 2560px\" \/><\/p>\n","protected":false},"excerpt":{"rendered":"<p>Or\u00e7amento O presidente da Mesa Diretora da C\u00e2mara Municipal de Juiz de Fora, vereador Luiz Ot\u00e1vio Coelho (Pardal) anunciou que pode devolver aos cofres do Munic\u00edpio de Juiz de Fora, cerca de R$10 milh\u00f5es referentes a economia realizada no or\u00e7amento do exerc\u00edcio financeiro de 2020. A predile\u00e7\u00e3o da Casa \u00e9 de que os recursos sejam [&hellip;]<\/p>\n","protected":false},"author":96,"featured_media":170895,"comment_status":"closed","ping_status":"closed","sticky":false,"template":"","format":"standard","meta":{"footnotes":""},"categories":[264],"tags":[],"class_list":["post-170908","post","type-post","status-publish","format-standard","has-post-thumbnail","hentry","category-eduardo-gomes"],"_links":{"self":[{"href":"https:\/\/diarioregionaldigital.com.br\/index.php?rest_route=\/wp\/v2\/posts\/170908","targetHints":{"allow":["GET"]}}],"collection":[{"href":"https:\/\/diarioregionaldigital.com.br\/index.php?rest_route=\/wp\/v2\/posts"}],"about":[{"href":"https:\/\/diarioregionaldigital.com.br\/index.php?rest_route=\/wp\/v2\/types\/post"}],"author":[{"embeddable":true,"href":"https:\/\/diarioregionaldigital.com.br\/index.php?rest_route=\/wp\/v2\/users\/96"}],"replies":[{"embeddable":true,"href":"https:\/\/diarioregionaldigital.com.br\/index.php?rest_route=%2Fwp%2Fv2%2Fcomments&post=170908"}],"version-history":[{"count":0,"href":"https:\/\/diarioregionaldigital.com.br\/index.php?rest_route=\/wp\/v2\/posts\/170908\/revisions"}],"wp:featuredmedia":[{"embeddable":true,"href":"https:\/\/diarioregionaldigital.com.br\/index.php?rest_route=\/wp\/v2\/media\/170895"}],"wp:attachment":[{"href":"https:\/\/diarioregionaldigital.com.br\/index.php?rest_route=%2Fwp%2Fv2%2Fmedia&parent=170908"}],"wp:term":[{"taxonomy":"category","embeddable":true,"href":"https:\/\/diarioregionaldigital.com.br\/index.php?rest_route=%2Fwp%2Fv2%2Fcategories&post=170908"},{"taxonomy":"post_tag","embeddable":true,"href":"https:\/\/diarioregionaldigital.com.br\/index.php?rest_route=%2Fwp%2Fv2%2Ftags&post=170908"}],"curies":[{"name":"wp","href":"https:\/\/api.w.org\/{rel}","templated":true}]}}