{"id":170893,"date":"2020-10-13T22:09:04","date_gmt":"2020-10-14T01:09:04","guid":{"rendered":"https:\/\/diarioregionaldigital.com.br\/?p=170893"},"modified":"2020-10-13T22:09:04","modified_gmt":"2020-10-14T01:09:04","slug":"brasil-tem-1509-mil-de-mortes-e-511-milhoes-de-casos-de-covid-19","status":"publish","type":"post","link":"https:\/\/diarioregionaldigital.com.br\/?p=170893","title":{"rendered":"Brasil tem 150,9 mil de mortes e 5,11 milh\u00f5es de casos de covid-19"},"content":{"rendered":"<p>O Brasil chegou a 150.998 mortes em raz\u00e3o da pandemia de covid-19 \u2013 nas \u00faltimas 24 horas, foram registradas mais 309 mortes pela doen\u00e7a, causada pelo novo coronav\u00edrus. Ontem (12), o n\u00famero de \u00f3bitos desde o in\u00edcio da pandemia estava em 150.998. Ainda h\u00e1 2.400 falecimentos em investiga\u00e7\u00e3o.<img decoding=\"async\" src=\"https:\/\/agenciabrasil.ebc.com.br\/ebc.png?id=1390530&amp;o=node\" \/><img decoding=\"async\" src=\"https:\/\/agenciabrasil.ebc.com.br\/ebc.gif?id=1390530&amp;o=node\" \/><\/p>\n<p>Os dados est\u00e3o na atualiza\u00e7\u00e3o do Minist\u00e9rio da Sa\u00fade divulgada na noite desta ter\u00e7a-feira (13). O balan\u00e7o \u00e9 consolidado com base em informa\u00e7\u00f5es enviadas pelas secretarias estaduais de Sa\u00fade a partir das a\u00e7\u00f5es de tratamento e monitoramento que desenvolvem.<\/p>\n<p>O n\u00famero de casos acumulados totalizou 5.113.628. Entre ontem e hoje, as secretarias de Sa\u00fade acrescentaram \u00e0s estat\u00edsticas 10.220 novos diagn\u00f3sticos positivos para covid-19. At\u00e9 ontem, o n\u00famero de casos acumulados estava em 4.526.975.<\/p>\n<p>Ainda h\u00e1 435.655 casos em acompanhamento. De acordo com o Minist\u00e9rio da Sa\u00fade, 4.526.975 pessoas j\u00e1 se recuperaram da doen\u00e7a.<\/p>\n<p>O n\u00famero de casos e de mortes \u00e9 menor nos domingos e nas segundas-feiras por causa da limita\u00e7\u00e3o de sistematiza\u00e7\u00e3o dos dados e alimenta\u00e7\u00e3o do painel do Minist\u00e9rio da Sa\u00fade pelas secretarias estaduais nos fins de semana.<\/p>\n<p>Nas ter\u00e7as-feiras, os n\u00fameros di\u00e1rios tendem a subir pelo ac\u00famulo de casos do fim de semana reportado neste dia. Com o feriado de ontem, nesta ter\u00e7a-feira, os dados refletem um acr\u00e9scimo menor do que a m\u00e9dia dos \u00faltimos dias.<\/p>\n<h2>Estados<\/h2>\n<p>Os estados que registram mais mortes s\u00e3o S\u00e3o Paulo (37.314), Rio de Janeiro (19.336), Cear\u00e1 (9.140), Pernambuco (8.417) e Minas Gerais (8.145).<\/p>\n<p>As unidades da Federa\u00e7\u00e3o com menos casos s\u00e3o Roraima (670), Acre (675), Amap\u00e1 (727), Tocantins (1.012) e Mato Grosso do Sul (1.449).<\/p>\n<p>SP j\u00e1 soma quase 1,04 milh\u00e3o de casos de coronav\u00edrus<\/p>\n<p>Segundo balan\u00e7o divulgado hoje (13) pela Secretaria estadual da Sa\u00fade de S\u00e3o Paulo, o estado paulista tem, at\u00e9 este momento, 1.039.029 casos confirmados do novo coronav\u00edrus, com 37.314 mortes.<\/p>\n<p>Do total de casos confirmados, 928.292 pessoas j\u00e1 est\u00e3o recuperadas da doen\u00e7a. Atualmente h\u00e1 8.075 pessoas internadas em todo o estado em casos suspeitos ou confirmados do novo coronav\u00edrus, sendo que 3.599 delas est\u00e3o em estado grave. A taxa de ocupa\u00e7\u00e3o de leitos de unidades de terapia intensiva (UTI) \u00e9 de 42,6% no estado e de 41,9% na Grande S\u00e3o Paulo.<\/p>\n<p>Todos os 645 munic\u00edpios de S\u00e3o Paulo registram ao menos uma pessoa infectada pelo v\u00edrus. Em 581 desses munic\u00edpios j\u00e1 houve registro de ao menos uma morte por coronav\u00edrus.<\/p>\n<p><strong>Fonte:\u00a0<\/strong>Ag\u00eancia Brasil<\/p>\n","protected":false},"excerpt":{"rendered":"<p>O Brasil chegou a 150.998 mortes em raz\u00e3o da pandemia de covid-19 \u2013 nas \u00faltimas 24 horas, foram registradas mais 309 mortes pela doen\u00e7a, causada pelo novo coronav\u00edrus. Ontem (12), o n\u00famero de \u00f3bitos desde o in\u00edcio da pandemia estava em 150.998. Ainda h\u00e1 2.400 falecimentos em investiga\u00e7\u00e3o. Os dados est\u00e3o na atualiza\u00e7\u00e3o do Minist\u00e9rio [&hellip;]<\/p>\n","protected":false},"author":96,"featured_media":170288,"comment_status":"closed","ping_status":"closed","sticky":false,"template":"","format":"standard","meta":{"footnotes":""},"categories":[302,436,440,439],"tags":[],"class_list":["post-170893","post","type-post","status-publish","format-standard","has-post-thumbnail","hentry","category-brasil-mundo","category-destaque-da-semana","category-destaques-do-dia","category-ultima-hora"],"_links":{"self":[{"href":"https:\/\/diarioregionaldigital.com.br\/index.php?rest_route=\/wp\/v2\/posts\/170893","targetHints":{"allow":["GET"]}}],"collection":[{"href":"https:\/\/diarioregionaldigital.com.br\/index.php?rest_route=\/wp\/v2\/posts"}],"about":[{"href":"https:\/\/diarioregionaldigital.com.br\/index.php?rest_route=\/wp\/v2\/types\/post"}],"author":[{"embeddable":true,"href":"https:\/\/diarioregionaldigital.com.br\/index.php?rest_route=\/wp\/v2\/users\/96"}],"replies":[{"embeddable":true,"href":"https:\/\/diarioregionaldigital.com.br\/index.php?rest_route=%2Fwp%2Fv2%2Fcomments&post=170893"}],"version-history":[{"count":0,"href":"https:\/\/diarioregionaldigital.com.br\/index.php?rest_route=\/wp\/v2\/posts\/170893\/revisions"}],"wp:featuredmedia":[{"embeddable":true,"href":"https:\/\/diarioregionaldigital.com.br\/index.php?rest_route=\/wp\/v2\/media\/170288"}],"wp:attachment":[{"href":"https:\/\/diarioregionaldigital.com.br\/index.php?rest_route=%2Fwp%2Fv2%2Fmedia&parent=170893"}],"wp:term":[{"taxonomy":"category","embeddable":true,"href":"https:\/\/diarioregionaldigital.com.br\/index.php?rest_route=%2Fwp%2Fv2%2Fcategories&post=170893"},{"taxonomy":"post_tag","embeddable":true,"href":"https:\/\/diarioregionaldigital.com.br\/index.php?rest_route=%2Fwp%2Fv2%2Ftags&post=170893"}],"curies":[{"name":"wp","href":"https:\/\/api.w.org\/{rel}","templated":true}]}}