{"id":170890,"date":"2020-10-13T19:11:46","date_gmt":"2020-10-13T22:11:46","guid":{"rendered":"https:\/\/diarioregionaldigital.com.br\/?p=170890"},"modified":"2020-10-13T19:11:46","modified_gmt":"2020-10-13T22:11:46","slug":"museu-destaca-infancia-atraves-de-imagens-do-acervo-fotografico","status":"publish","type":"post","link":"https:\/\/diarioregionaldigital.com.br\/?p=170890","title":{"rendered":"Museu destaca inf\u00e2ncia atrav\u00e9s de imagens do acervo fotogr\u00e1fico"},"content":{"rendered":"<p>Na edi\u00e7\u00e3o especial da \u201cSemana da Crian\u00e7a\u201d, o projeto \u201cA Pe\u00e7a da Semana\u201d apresenta conjunto de fotografias e cart\u00f5es postais relacionado \u00e0s representa\u00e7\u00f5es da inf\u00e2ncia no acervo do Museu &#8220;Mariano Proc\u00f3pio&#8221;. As imagens datam da segunda metade do s\u00e9culo 19 e primeiras d\u00e9cadas do 20. Representam crian\u00e7as de diferentes origens culturais e hist\u00f3ricas: uma dos povos origin\u00e1rios do Brasil, negras de fam\u00edlia norte-americana, das classes abastadas brasileiras e cena relacionada ao mundo do trabalho e \u00e0 m\u00e3o de obra infantil, legalmente aceita neste per\u00edodo. Al\u00e9m das imagens a serem publicadas nas redes sociais do Museu (<a href=\"https:\/\/www.facebook.com\/museu.marianoprocopio\">facebook.com\/museu.marianoprocopio<\/a>\u00a0e instagram @museumarianoprocopio), esta divulga\u00e7&amp;atild e;o &amp;eac ute; composta de v\u00eddeo com a historiadora Rosane Carmanini Ferraz, que apresenta o conte\u00fado.<\/p>\n<p>Nesse per\u00edodo, crian\u00e7as e adolescentes eram socialmente tratados como adultos em miniatura, em grande medida a partir da fun\u00e7\u00e3o do desconhecimento sobre as diferentes etapas do desenvolvimento f\u00edsico e cognitivo. Ainda n\u00e3o se percebia a pessoa nessa etapa da vida como ser em desenvolvimento, com caracter\u00edsticas e necessidades pr\u00f3prias do desenvolvimento humano. As concep\u00e7\u00f5es das diferentes \u201cidades da vida\u201d \u2013 inf\u00e2ncia, adolesc\u00eancia e fase adulta \u2013 s\u00f3 se desenvolveram nas sociedades modernas, relacionadas ao espa\u00e7o urbano e de trabalho. Portanto, o conceito de inf\u00e2ncia foi socialmente constru\u00eddo na modernidade, onde se estabelecem alguns direitos, como educa\u00e7\u00e3o, brincadeiras, alimenta\u00e7\u00e3o saud\u00e1vel e sa\u00fade.<\/p>\n<p>No s\u00e9culo 20, com o alargamento das fontes hist\u00f3ricas, novos sujeitos hist\u00f3ricos, como crian\u00e7as e adolescentes, passam a ser objeto de estudos da hist\u00f3ria e das ci\u00eancias humanas, gozando tamb\u00e9m de maior representatividade nas artes visuais. As representa\u00e7\u00f5es de inf\u00e2ncia no acervo fotogr\u00e1fico do Museu \u201cMariano Proc\u00f3pio\u201d prop\u00f5e reflex\u00e3o sobre o que \u00e9 ser crian\u00e7a no mundo contempor\u00e2neo e os diferentes pap\u00e9is desempenhados de acordo com a classe social e o contexto hist\u00f3rico em que a inf\u00e2ncia est\u00e1 inserida.<\/p>\n<p><strong>Fonte:\u00a0<\/strong>Assessoria<\/p>\n","protected":false},"excerpt":{"rendered":"<p>Na edi\u00e7\u00e3o especial da \u201cSemana da Crian\u00e7a\u201d, o projeto \u201cA Pe\u00e7a da Semana\u201d apresenta conjunto de fotografias e cart\u00f5es postais relacionado \u00e0s representa\u00e7\u00f5es da inf\u00e2ncia no acervo do Museu &#8220;Mariano Proc\u00f3pio&#8221;. As imagens datam da segunda metade do s\u00e9culo 19 e primeiras d\u00e9cadas do 20. Representam crian\u00e7as de diferentes origens culturais e hist\u00f3ricas: uma dos [&hellip;]<\/p>\n","protected":false},"author":96,"featured_media":170891,"comment_status":"closed","ping_status":"closed","sticky":false,"template":"","format":"standard","meta":{"footnotes":""},"categories":[256,436,262,439],"tags":[],"class_list":["post-170890","post","type-post","status-publish","format-standard","has-post-thumbnail","hentry","category-cultura","category-destaque-da-semana","category-noticias","category-ultima-hora"],"_links":{"self":[{"href":"https:\/\/diarioregionaldigital.com.br\/index.php?rest_route=\/wp\/v2\/posts\/170890","targetHints":{"allow":["GET"]}}],"collection":[{"href":"https:\/\/diarioregionaldigital.com.br\/index.php?rest_route=\/wp\/v2\/posts"}],"about":[{"href":"https:\/\/diarioregionaldigital.com.br\/index.php?rest_route=\/wp\/v2\/types\/post"}],"author":[{"embeddable":true,"href":"https:\/\/diarioregionaldigital.com.br\/index.php?rest_route=\/wp\/v2\/users\/96"}],"replies":[{"embeddable":true,"href":"https:\/\/diarioregionaldigital.com.br\/index.php?rest_route=%2Fwp%2Fv2%2Fcomments&post=170890"}],"version-history":[{"count":0,"href":"https:\/\/diarioregionaldigital.com.br\/index.php?rest_route=\/wp\/v2\/posts\/170890\/revisions"}],"wp:featuredmedia":[{"embeddable":true,"href":"https:\/\/diarioregionaldigital.com.br\/index.php?rest_route=\/wp\/v2\/media\/170891"}],"wp:attachment":[{"href":"https:\/\/diarioregionaldigital.com.br\/index.php?rest_route=%2Fwp%2Fv2%2Fmedia&parent=170890"}],"wp:term":[{"taxonomy":"category","embeddable":true,"href":"https:\/\/diarioregionaldigital.com.br\/index.php?rest_route=%2Fwp%2Fv2%2Fcategories&post=170890"},{"taxonomy":"post_tag","embeddable":true,"href":"https:\/\/diarioregionaldigital.com.br\/index.php?rest_route=%2Fwp%2Fv2%2Ftags&post=170890"}],"curies":[{"name":"wp","href":"https:\/\/api.w.org\/{rel}","templated":true}]}}