{"id":170887,"date":"2020-10-13T19:10:26","date_gmt":"2020-10-13T22:10:26","guid":{"rendered":"https:\/\/diarioregionaldigital.com.br\/?p=170887"},"modified":"2020-10-13T19:10:26","modified_gmt":"2020-10-13T22:10:26","slug":"video-destaca-representacoes-de-criancas-nas-obras-da-pintora-maria-pardos","status":"publish","type":"post","link":"https:\/\/diarioregionaldigital.com.br\/?p=170887","title":{"rendered":"V\u00eddeo destaca representa\u00e7\u00f5es de crian\u00e7as nas obras da pintora Maria Pardos"},"content":{"rendered":"<p>Durante a &#8220;Semana da Crian\u00e7a&#8221;, o Museu &#8220;Mariano Proc\u00f3pio&#8221; apresentar\u00e1 diferentes conte\u00fados sobre a inf\u00e2ncia a partir de seu acervo, e disponibilizar\u00e1 atividades para divers\u00e3o da crian\u00e7ada em casa, atrav\u00e9s de conte\u00fados nas redes sociais da institui\u00e7\u00e3o (<a href=\"https:\/\/www.facebook.com\/museu.marianoprocopio\">facebook.com\/museu.marianoprocopio<\/a>, instagram @museumarianoproc\u00f3pio). Nesta ter\u00e7a-feira, 13, a professora e pesquisadora, Val\u00e9ria Fasolato apresenta, em v\u00eddeo, recorte de seu trabalho sobre a pintora Maria Pardos (1866-1928), com representa\u00e7\u00f5es de crian\u00e7as em suas obras.<\/p>\n<p>Maria Pardos foi companheira de Alfredo Ferreira Lage (1865-1944) e colaboradora do Museu. Colecionadora e cantora l\u00edrica, era tamb\u00e9m pintora dos g\u00eaneros retrato e natureza morta. Aluna em cursos livres dos professores Rodolfo Amo\u00eado (1857-1941) e Jo\u00e3o Batista da Costa (1865-1926), participou de exposi\u00e7\u00f5es coletivas em importantes galerias e nos sal\u00f5es da Escola Nacional de Belas Artes do Rio de Janeiro, onde conquistou v\u00e1rias premia\u00e7\u00f5es: Men\u00e7\u00e3o Honrosa de Primeiro Grau, 1913; e medalhas de Bronze em 1914 e de Prata, 1915. No Sal\u00e3o Nacional de Belas Artes de 1918, seu \u201cAutorretrato\u201d foi considerado, pela cr\u00edtica, como o melhor trabalho nesta categoria, recebendo pr\u00eamio em dinheiro, doado pela artista a pessoas carentes. Para o sal\u00e3o de 1929 foi criada, pelo Museu \u201cMariano Proc\u00f3pio\u201d, a Sala \u201cMaria Pardos\u201d, onde ficaram expostos objetos de sua cole\u00e7\u00e3o, como paliteiros de prata, leques, joias e lou\u00e7a, dentre outros, e parte de sua produ\u00e7\u00e3o art\u00edstica, formada por pinturas a \u00f3leo, aquarelas e desenhos.<\/p>\n<p><strong>Fonte:\u00a0<\/strong>Assessoria<\/p>\n","protected":false},"excerpt":{"rendered":"<p>Durante a &#8220;Semana da Crian\u00e7a&#8221;, o Museu &#8220;Mariano Proc\u00f3pio&#8221; apresentar\u00e1 diferentes conte\u00fados sobre a inf\u00e2ncia a partir de seu acervo, e disponibilizar\u00e1 atividades para divers\u00e3o da crian\u00e7ada em casa, atrav\u00e9s de conte\u00fados nas redes sociais da institui\u00e7\u00e3o (facebook.com\/museu.marianoprocopio, instagram @museumarianoproc\u00f3pio). Nesta ter\u00e7a-feira, 13, a professora e pesquisadora, Val\u00e9ria Fasolato apresenta, em v\u00eddeo, recorte de seu [&hellip;]<\/p>\n","protected":false},"author":96,"featured_media":170888,"comment_status":"closed","ping_status":"closed","sticky":false,"template":"","format":"standard","meta":{"footnotes":""},"categories":[256,436,262,439],"tags":[],"class_list":["post-170887","post","type-post","status-publish","format-standard","has-post-thumbnail","hentry","category-cultura","category-destaque-da-semana","category-noticias","category-ultima-hora"],"_links":{"self":[{"href":"https:\/\/diarioregionaldigital.com.br\/index.php?rest_route=\/wp\/v2\/posts\/170887","targetHints":{"allow":["GET"]}}],"collection":[{"href":"https:\/\/diarioregionaldigital.com.br\/index.php?rest_route=\/wp\/v2\/posts"}],"about":[{"href":"https:\/\/diarioregionaldigital.com.br\/index.php?rest_route=\/wp\/v2\/types\/post"}],"author":[{"embeddable":true,"href":"https:\/\/diarioregionaldigital.com.br\/index.php?rest_route=\/wp\/v2\/users\/96"}],"replies":[{"embeddable":true,"href":"https:\/\/diarioregionaldigital.com.br\/index.php?rest_route=%2Fwp%2Fv2%2Fcomments&post=170887"}],"version-history":[{"count":0,"href":"https:\/\/diarioregionaldigital.com.br\/index.php?rest_route=\/wp\/v2\/posts\/170887\/revisions"}],"wp:featuredmedia":[{"embeddable":true,"href":"https:\/\/diarioregionaldigital.com.br\/index.php?rest_route=\/wp\/v2\/media\/170888"}],"wp:attachment":[{"href":"https:\/\/diarioregionaldigital.com.br\/index.php?rest_route=%2Fwp%2Fv2%2Fmedia&parent=170887"}],"wp:term":[{"taxonomy":"category","embeddable":true,"href":"https:\/\/diarioregionaldigital.com.br\/index.php?rest_route=%2Fwp%2Fv2%2Fcategories&post=170887"},{"taxonomy":"post_tag","embeddable":true,"href":"https:\/\/diarioregionaldigital.com.br\/index.php?rest_route=%2Fwp%2Fv2%2Ftags&post=170887"}],"curies":[{"name":"wp","href":"https:\/\/api.w.org\/{rel}","templated":true}]}}