{"id":170883,"date":"2020-10-13T19:09:11","date_gmt":"2020-10-13T22:09:11","guid":{"rendered":"https:\/\/diarioregionaldigital.com.br\/?p=170883"},"modified":"2020-10-13T19:09:11","modified_gmt":"2020-10-13T22:09:11","slug":"praca-ceu-e-gente-em-primeiro-lugar-tem-vagas-on-line-em-oficinas","status":"publish","type":"post","link":"https:\/\/diarioregionaldigital.com.br\/?p=170883","title":{"rendered":"Pra\u00e7a CEU e \u201cGente Em Primeiro Lugar\u201d t\u00eam vagas on-line em oficinas"},"content":{"rendered":"<p>Ainda d\u00e1 tempo para conseguir vaga nas oficinas culturais e esportivas oferecidas em ambiente on-line pelo Programa \u201cGente em Primeiro Lugar\u201d e pela Pra\u00e7a CEU (Centro de Artes e Esportes Unificados \u201cCoronel Adelmir Romualdo de Oliveira\u201d). A participa\u00e7\u00e3o \u00e9 gratuita e os conte\u00fados s\u00e3o transmitidos por meio de diversas plataformas, como facebook, whatsapp e instagram, al\u00e9m das videoconfer\u00eancias pelos aplicativos meet, zoom e skype. A iniciativa tem como objetivo manter a aprendizagem dos assistidos nos dois programas, que precisaram interromper o atendimento presencial devido \u00e0 pandemia de covid-19.<\/p>\n<p>Atualmente, a Pra\u00e7a CEU mant\u00e9m 70 grupos ativos no whatsapp. Entre as oficinas oferecidas est\u00e3o dan\u00e7a, m\u00fasica, teatro, futsal e alongamento. Cerca de mil pessoas s\u00e3o atendidas nesse modelo e mais de 300 nas oficinas por videoconfer\u00eancias. A ades\u00e3o \u00e9 aberta a pessoas de todas as faixas et\u00e1rias, a partir dos seis anos. Outros conte\u00fados, como dicas dos seis articuladores culturais que comandam as oficinas, tamb\u00e9m s\u00e3o disponibilizados no instagram e no facebook. Est\u00e1 em andamento, mas sem vagas dispon\u00edveis, o curso de inclus\u00e3o digital, que atende cerca de 90 alunos, a maioria com idade de 14 a 29 anos.<\/p>\n<p>Os interessados em participar das oficinas, em qualquer \u00e1rea, devem entrar no link dispon\u00edvel na bio do Instagram\u00a0<b>@ceujf<\/b>, e solicitar acesso aos grupos. Tamb\u00e9m \u00e9 poss\u00edvel ligar 3218-1020 ou enviar mensagem no whatsapp 99971-3231.<\/p>\n<p>Voltado para o p\u00fablico infantojuvenil, de seis a 22 anos, o Programa \u201cGente em Primeiro Lugar\u201d tamb\u00e9m mant\u00e9m oficinas culturais em diferentes plataformas. Em torno de 2.080 participantes recebem conte\u00fados por whatsapp, 1.867 acompanham pelos grupos divididos por \u00e1reas no facebook e instagram. Outras 390 pessoas participam regularmente das videoconfer\u00eancias. O \u201cGente\u201d tamb\u00e9m oferece conte\u00fados extras, de forma aberta, ao p\u00fablico em geral, nas redes sociais.<\/p>\n<p>Para se inscrever nas turmas on-line do programa \u00e9 necess\u00e1rio preencher formul\u00e1rio no link da bio do instagram\u00a0<b>@genteemprimeirolugar<\/b>. Devem ser marcadas as oficinas de interesse, nas \u00e1reas de dan\u00e7a, m\u00fasica, capoeira, artes visuais e teatro.<\/p>\n<p>Tamb\u00e9m \u00e9 necess\u00e1rio que os pais ou respons\u00e1veis dos menores de idade coloquem sua autoriza\u00e7\u00e3o para participa\u00e7\u00e3o do aluno nesta mesma se\u00e7\u00e3o. No caso de d\u00favidas, fa\u00e7a contato pelo telefone 99820-5918.<\/p>\n<p>A Pra\u00e7a CEU e o \u201cGente em Primeiro Lugar\u201d s\u00e3o mantidos pela Prefeitura de Juiz de Fora (PJF), por meio da Funda\u00e7\u00e3o Cultural \u201cAlfredo Ferreira Lage\u201d (Funalfa), com gest\u00e3o da Associa\u00e7\u00e3o Cultural Arte e Vida (Acav).<\/p>\n<p><strong>Fonte:\u00a0<\/strong>Assessoria<\/p>\n","protected":false},"excerpt":{"rendered":"<p>Ainda d\u00e1 tempo para conseguir vaga nas oficinas culturais e esportivas oferecidas em ambiente on-line pelo Programa \u201cGente em Primeiro Lugar\u201d e pela Pra\u00e7a CEU (Centro de Artes e Esportes Unificados \u201cCoronel Adelmir Romualdo de Oliveira\u201d). A participa\u00e7\u00e3o \u00e9 gratuita e os conte\u00fados s\u00e3o transmitidos por meio de diversas plataformas, como facebook, whatsapp e instagram, [&hellip;]<\/p>\n","protected":false},"author":96,"featured_media":170885,"comment_status":"closed","ping_status":"closed","sticky":false,"template":"","format":"standard","meta":{"footnotes":""},"categories":[256,436,262,439],"tags":[],"class_list":["post-170883","post","type-post","status-publish","format-standard","has-post-thumbnail","hentry","category-cultura","category-destaque-da-semana","category-noticias","category-ultima-hora"],"_links":{"self":[{"href":"https:\/\/diarioregionaldigital.com.br\/index.php?rest_route=\/wp\/v2\/posts\/170883","targetHints":{"allow":["GET"]}}],"collection":[{"href":"https:\/\/diarioregionaldigital.com.br\/index.php?rest_route=\/wp\/v2\/posts"}],"about":[{"href":"https:\/\/diarioregionaldigital.com.br\/index.php?rest_route=\/wp\/v2\/types\/post"}],"author":[{"embeddable":true,"href":"https:\/\/diarioregionaldigital.com.br\/index.php?rest_route=\/wp\/v2\/users\/96"}],"replies":[{"embeddable":true,"href":"https:\/\/diarioregionaldigital.com.br\/index.php?rest_route=%2Fwp%2Fv2%2Fcomments&post=170883"}],"version-history":[{"count":0,"href":"https:\/\/diarioregionaldigital.com.br\/index.php?rest_route=\/wp\/v2\/posts\/170883\/revisions"}],"wp:featuredmedia":[{"embeddable":true,"href":"https:\/\/diarioregionaldigital.com.br\/index.php?rest_route=\/wp\/v2\/media\/170885"}],"wp:attachment":[{"href":"https:\/\/diarioregionaldigital.com.br\/index.php?rest_route=%2Fwp%2Fv2%2Fmedia&parent=170883"}],"wp:term":[{"taxonomy":"category","embeddable":true,"href":"https:\/\/diarioregionaldigital.com.br\/index.php?rest_route=%2Fwp%2Fv2%2Fcategories&post=170883"},{"taxonomy":"post_tag","embeddable":true,"href":"https:\/\/diarioregionaldigital.com.br\/index.php?rest_route=%2Fwp%2Fv2%2Ftags&post=170883"}],"curies":[{"name":"wp","href":"https:\/\/api.w.org\/{rel}","templated":true}]}}