{"id":170880,"date":"2020-10-13T19:06:04","date_gmt":"2020-10-13T22:06:04","guid":{"rendered":"https:\/\/diarioregionaldigital.com.br\/?p=170880"},"modified":"2020-10-13T19:07:11","modified_gmt":"2020-10-13T22:07:11","slug":"fiscalizacao-flagra-46-estabelecimentos-em-desacordo-com-normas-contra-pandemia","status":"publish","type":"post","link":"https:\/\/diarioregionaldigital.com.br\/?p=170880","title":{"rendered":"Fiscaliza\u00e7\u00e3o flagra 46 estabelecimentos em desacordo com normas contra pandemia"},"content":{"rendered":"<p>Em um m\u00eas de atua\u00e7\u00e3o, ap\u00f3s a amplia\u00e7\u00e3o do hor\u00e1rio de funcionamento de bares e restaurantes, o trabalho de fiscaliza\u00e7\u00e3o conjunta flagrou 46 estabelecimentos em descumprimento das regras sanit\u00e1rias para o setor. As a\u00e7\u00f5es monitoraram, desde 12 de setembro, de seis a 12 infratores a cada edi\u00e7\u00e3o semanal. Todo fim de semana, guardas municipais, agentes de transporte e tr\u00e2nsito e fiscais de posturas realizam rondas pela cidade, verificando a ades\u00e3o \u00e0s normas que visam o controle do crescimento de casos de covid-19 no Munic\u00edpio.<\/p>\n<p>Bares e restaurantes podem funcionar entre 10 e 22 horas em Juiz de Fora. E, mesmo com a progress\u00e3o do Munic\u00edpio \u00e0 \u201conda amarela\u201d, do Programa \u201cMinas Consciente\u201d, do Governo do estado, fase em que a maior parte do com\u00e9rcio est\u00e1 de volta \u00e0 atividade, \u00e9 preciso muita cautela no que diz respeito \u00e0s medidas de preven\u00e7\u00e3o e higiene previstas em decreto. Continuam proibidos o autosservi\u00e7o (self-service) e a oferta de entretenimento (m\u00fasica ao vivo), bem como ocupa\u00e7\u00e3o m\u00e1xima, restrita a 50% da capacidade do estabelecimento, e espa\u00e7amento m\u00ednimo de dois metros entre as mesas, que deve ser praticado inclusive em \u00e1rea externa.<\/p>\n<p>A fiscaliza\u00e7\u00e3o acontece por meio de a\u00e7\u00f5es conjuntas, definidas pelo mapeamento das \u00e1reas de maior registro de descumprimento \u00e0s regras. Toda liga\u00e7\u00e3o feita pelo p\u00fablico aos canais de den\u00fancia \u00e9 registrada para checagem posterior, seguindo ordem de prioridade. Um planejamento \u00e9 montado para confirma\u00e7\u00e3o das informa\u00e7\u00f5es. A equipe de ronda vai at\u00e9 o endere\u00e7o indicado e faz a abordagem do respons\u00e1vel.<\/p>\n<p>Den\u00fancias podem ser feitas \u00e0 Secretaria de Meio Ambiente e Ordenamento Urbano (Semaur), pelo telefone 3690-7507, de segunda a sexta-feira, de 8 \u00e0s 12 horas e de 14 as 18 horas; pela Central da Guarda Municipal, no n\u00famero 153, e pelo canal da Ouvidoria do Munic\u00edpio, o\u00a0<a href=\"https:\/\/www.pjf.mg.gov.br\/secretarias\/cgm\/ouvidoria\/canais\/falabr.php\">\u201cFala.BR\u201d<\/a>, e o aplicativo \u201cCidade Segura\u201d.<\/p>\n<p><strong>Fonte:\u00a0<\/strong>Assessoria<\/p>\n","protected":false},"excerpt":{"rendered":"<p>Em um m\u00eas de atua\u00e7\u00e3o, ap\u00f3s a amplia\u00e7\u00e3o do hor\u00e1rio de funcionamento de bares e restaurantes, o trabalho de fiscaliza\u00e7\u00e3o conjunta flagrou 46 estabelecimentos em descumprimento das regras sanit\u00e1rias para o setor. As a\u00e7\u00f5es monitoraram, desde 12 de setembro, de seis a 12 infratores a cada edi\u00e7\u00e3o semanal. Todo fim de semana, guardas municipais, agentes [&hellip;]<\/p>\n","protected":false},"author":96,"featured_media":170881,"comment_status":"closed","ping_status":"closed","sticky":false,"template":"","format":"standard","meta":{"footnotes":""},"categories":[253,436,439],"tags":[],"class_list":["post-170880","post","type-post","status-publish","format-standard","has-post-thumbnail","hentry","category-cidade","category-destaque-da-semana","category-ultima-hora"],"_links":{"self":[{"href":"https:\/\/diarioregionaldigital.com.br\/index.php?rest_route=\/wp\/v2\/posts\/170880","targetHints":{"allow":["GET"]}}],"collection":[{"href":"https:\/\/diarioregionaldigital.com.br\/index.php?rest_route=\/wp\/v2\/posts"}],"about":[{"href":"https:\/\/diarioregionaldigital.com.br\/index.php?rest_route=\/wp\/v2\/types\/post"}],"author":[{"embeddable":true,"href":"https:\/\/diarioregionaldigital.com.br\/index.php?rest_route=\/wp\/v2\/users\/96"}],"replies":[{"embeddable":true,"href":"https:\/\/diarioregionaldigital.com.br\/index.php?rest_route=%2Fwp%2Fv2%2Fcomments&post=170880"}],"version-history":[{"count":0,"href":"https:\/\/diarioregionaldigital.com.br\/index.php?rest_route=\/wp\/v2\/posts\/170880\/revisions"}],"wp:featuredmedia":[{"embeddable":true,"href":"https:\/\/diarioregionaldigital.com.br\/index.php?rest_route=\/wp\/v2\/media\/170881"}],"wp:attachment":[{"href":"https:\/\/diarioregionaldigital.com.br\/index.php?rest_route=%2Fwp%2Fv2%2Fmedia&parent=170880"}],"wp:term":[{"taxonomy":"category","embeddable":true,"href":"https:\/\/diarioregionaldigital.com.br\/index.php?rest_route=%2Fwp%2Fv2%2Fcategories&post=170880"},{"taxonomy":"post_tag","embeddable":true,"href":"https:\/\/diarioregionaldigital.com.br\/index.php?rest_route=%2Fwp%2Fv2%2Ftags&post=170880"}],"curies":[{"name":"wp","href":"https:\/\/api.w.org\/{rel}","templated":true}]}}