{"id":170878,"date":"2020-10-13T19:04:50","date_gmt":"2020-10-13T22:04:50","guid":{"rendered":"https:\/\/diarioregionaldigital.com.br\/?p=170878"},"modified":"2020-10-13T19:04:50","modified_gmt":"2020-10-13T22:04:50","slug":"individuo-e-preso-por-tentativa-de-roubo-a-taxista-no-marumbi","status":"publish","type":"post","link":"https:\/\/diarioregionaldigital.com.br\/?p=170878","title":{"rendered":"Indiv\u00edduo \u00e9 preso por tentativa de roubo a taxista no Marumbi"},"content":{"rendered":"<p>A Pol\u00edcia Militar (PM), prendeu na noite de segunda-feira (12), um homem de 34 anos, por tentar roubar um taxista no Bairro Marumbi (Regi\u00e3o Leste) em Juiz de Fora. A v\u00edtima relatou que o autor teria solicitado uma corrida e ao chegar no ponto de encontro, o solicitante simulou estar armado e anunciou o roubo. Logo em seguida, a v\u00edtima saiu correndo do interior do ve\u00edculo e observou o suspeito roubando algumas moedas e sair correndo.<\/p>\n<p>Populares que passavam pelo local, perseguiram o indiv\u00edduo e conseguiram det\u00ea-lo at\u00e9 a chegada da Guarni\u00e7\u00e3o. Ap\u00f3s buscas pessoais, foi apreendida a quantia de R$ 8,95 em dinheiro. Autor preso em flagrante e conduzido para a Delegacia.<\/p>\n<p>&nbsp;<\/p>\n","protected":false},"excerpt":{"rendered":"<p>A Pol\u00edcia Militar (PM), prendeu na noite de segunda-feira (12), um homem de 34 anos, por tentar roubar um taxista no Bairro Marumbi (Regi\u00e3o Leste) em Juiz de Fora. A v\u00edtima relatou que o autor teria solicitado uma corrida e ao chegar no ponto de encontro, o solicitante simulou estar armado e anunciou o roubo. [&hellip;]<\/p>\n","protected":false},"author":96,"featured_media":165308,"comment_status":"closed","ping_status":"closed","sticky":false,"template":"","format":"standard","meta":{"footnotes":""},"categories":[301,436,439],"tags":[],"class_list":["post-170878","post","type-post","status-publish","format-standard","has-post-thumbnail","hentry","category-artigos-policiais","category-destaque-da-semana","category-ultima-hora"],"_links":{"self":[{"href":"https:\/\/diarioregionaldigital.com.br\/index.php?rest_route=\/wp\/v2\/posts\/170878","targetHints":{"allow":["GET"]}}],"collection":[{"href":"https:\/\/diarioregionaldigital.com.br\/index.php?rest_route=\/wp\/v2\/posts"}],"about":[{"href":"https:\/\/diarioregionaldigital.com.br\/index.php?rest_route=\/wp\/v2\/types\/post"}],"author":[{"embeddable":true,"href":"https:\/\/diarioregionaldigital.com.br\/index.php?rest_route=\/wp\/v2\/users\/96"}],"replies":[{"embeddable":true,"href":"https:\/\/diarioregionaldigital.com.br\/index.php?rest_route=%2Fwp%2Fv2%2Fcomments&post=170878"}],"version-history":[{"count":0,"href":"https:\/\/diarioregionaldigital.com.br\/index.php?rest_route=\/wp\/v2\/posts\/170878\/revisions"}],"wp:featuredmedia":[{"embeddable":true,"href":"https:\/\/diarioregionaldigital.com.br\/index.php?rest_route=\/wp\/v2\/media\/165308"}],"wp:attachment":[{"href":"https:\/\/diarioregionaldigital.com.br\/index.php?rest_route=%2Fwp%2Fv2%2Fmedia&parent=170878"}],"wp:term":[{"taxonomy":"category","embeddable":true,"href":"https:\/\/diarioregionaldigital.com.br\/index.php?rest_route=%2Fwp%2Fv2%2Fcategories&post=170878"},{"taxonomy":"post_tag","embeddable":true,"href":"https:\/\/diarioregionaldigital.com.br\/index.php?rest_route=%2Fwp%2Fv2%2Ftags&post=170878"}],"curies":[{"name":"wp","href":"https:\/\/api.w.org\/{rel}","templated":true}]}}