{"id":170876,"date":"2020-10-13T18:58:34","date_gmt":"2020-10-13T21:58:34","guid":{"rendered":"https:\/\/diarioregionaldigital.com.br\/?p=170876"},"modified":"2020-10-13T18:58:34","modified_gmt":"2020-10-13T21:58:34","slug":"jovem-e-morto-por-disparos-de-arma-de-fogo-no-filgueiras","status":"publish","type":"post","link":"https:\/\/diarioregionaldigital.com.br\/?p=170876","title":{"rendered":"Jovem \u00e9 morto por disparos de arma de fogo no Filgueiras"},"content":{"rendered":"<p>Um jovem de 19 anos, foi morto por disparos de arma de fogo e teve sua motocicleta roubada, na madrugada desta ter\u00e7a-feira (13), no Bairro Filgueiras (Regi\u00e3o Leste) em Juiz de Fora. A Pol\u00edcia Militar (PM) foi acionada e compareceu ao local, onde encontrou a v\u00edtima ca\u00edda ao solo.<\/p>\n<p>Durante conversas com a m\u00e3e da v\u00edtima, esta relatou que por volta das 2h15, ouviu o barulho da motocicleta de seu filho parando no port\u00e3o, e que logo ap\u00f3s escutou quatro disparos provenientes de arma de fogo. Ao olhar na janela, avistou um indiv\u00edduo levando o ve\u00edculo e um outro correndo em dire\u00e7\u00e3o ao terreno baldio onde a v\u00edtima foi localizada.<\/p>\n<p>O Samu compareceu ao local e constatou o \u00f3bito. Ap\u00f3s observa\u00e7\u00f5es no corpo do jovem, foram encontradas tr\u00eas perfura\u00e7\u00f5es sendo uma no peito e duas no cr\u00e2nio. De acordo com a PM, a v\u00edtima foi alvo de tentativa de homic\u00eddio no dia 3 do \u00faltimo m\u00eas. Os suspeitos n\u00e3o foram encontrados e o caso ser\u00e1 investigado pela Pol\u00edcia Civil de Minas Gerais (PCMG).<\/p>\n","protected":false},"excerpt":{"rendered":"<p>Um jovem de 19 anos, foi morto por disparos de arma de fogo e teve sua motocicleta roubada, na madrugada desta ter\u00e7a-feira (13), no Bairro Filgueiras (Regi\u00e3o Leste) em Juiz de Fora. A Pol\u00edcia Militar (PM) foi acionada e compareceu ao local, onde encontrou a v\u00edtima ca\u00edda ao solo. Durante conversas com a m\u00e3e da [&hellip;]<\/p>\n","protected":false},"author":96,"featured_media":165308,"comment_status":"closed","ping_status":"closed","sticky":false,"template":"","format":"standard","meta":{"footnotes":""},"categories":[301,436,439],"tags":[],"class_list":["post-170876","post","type-post","status-publish","format-standard","has-post-thumbnail","hentry","category-artigos-policiais","category-destaque-da-semana","category-ultima-hora"],"_links":{"self":[{"href":"https:\/\/diarioregionaldigital.com.br\/index.php?rest_route=\/wp\/v2\/posts\/170876","targetHints":{"allow":["GET"]}}],"collection":[{"href":"https:\/\/diarioregionaldigital.com.br\/index.php?rest_route=\/wp\/v2\/posts"}],"about":[{"href":"https:\/\/diarioregionaldigital.com.br\/index.php?rest_route=\/wp\/v2\/types\/post"}],"author":[{"embeddable":true,"href":"https:\/\/diarioregionaldigital.com.br\/index.php?rest_route=\/wp\/v2\/users\/96"}],"replies":[{"embeddable":true,"href":"https:\/\/diarioregionaldigital.com.br\/index.php?rest_route=%2Fwp%2Fv2%2Fcomments&post=170876"}],"version-history":[{"count":0,"href":"https:\/\/diarioregionaldigital.com.br\/index.php?rest_route=\/wp\/v2\/posts\/170876\/revisions"}],"wp:featuredmedia":[{"embeddable":true,"href":"https:\/\/diarioregionaldigital.com.br\/index.php?rest_route=\/wp\/v2\/media\/165308"}],"wp:attachment":[{"href":"https:\/\/diarioregionaldigital.com.br\/index.php?rest_route=%2Fwp%2Fv2%2Fmedia&parent=170876"}],"wp:term":[{"taxonomy":"category","embeddable":true,"href":"https:\/\/diarioregionaldigital.com.br\/index.php?rest_route=%2Fwp%2Fv2%2Fcategories&post=170876"},{"taxonomy":"post_tag","embeddable":true,"href":"https:\/\/diarioregionaldigital.com.br\/index.php?rest_route=%2Fwp%2Fv2%2Ftags&post=170876"}],"curies":[{"name":"wp","href":"https:\/\/api.w.org\/{rel}","templated":true}]}}