{"id":170809,"date":"2020-10-11T00:12:12","date_gmt":"2020-10-11T03:12:12","guid":{"rendered":"https:\/\/diarioregionaldigital.com.br\/?p=170809"},"modified":"2020-10-10T18:16:21","modified_gmt":"2020-10-10T21:16:21","slug":"clubinho-da-leitura","status":"publish","type":"post","link":"https:\/\/diarioregionaldigital.com.br\/?p=170809","title":{"rendered":"CLUBINHO DA LEITURA&#8230;"},"content":{"rendered":"<p><strong>E foi assim que eu e a escurid\u00e3o ficamos amigas<\/strong><\/p>\n<p>Autor: Emicida<\/p>\n<p>Ilustrador: Aldo Fabrini<\/p>\n<p>Companhia das Letras<\/p>\n<p>O medo do desconhecido, esse \u00e9 o tema do segundo livro infantil, escrito em uma narrativa po\u00e9tica ritmada por Emicida. De um lado, uma menina com medo da escurid\u00e3o, e o que ela n\u00e3o imagina, que do outro, a escurid\u00e3o que tamb\u00e9m \u00e9 uma menina, tem muito medo da claridade. Elas v\u00e3o enfrentar e descobrir que o medo pode ser capaz de transform\u00e1-las.<\/p>\n<p>&nbsp;<\/p>\n<p><a href=\"https:\/\/diarioregionaldigital.com.br\/wp-content\/uploads\/2020\/10\/diario-pagina-06-2.pdf\">CLIQUE AQUI PARA VER A COLUNA COMPLETA<\/a><\/p>\n","protected":false},"excerpt":{"rendered":"<p>E foi assim que eu e a escurid\u00e3o ficamos amigas Autor: Emicida Ilustrador: Aldo Fabrini Companhia das Letras O medo do desconhecido, esse \u00e9 o tema do segundo livro infantil, escrito em uma narrativa po\u00e9tica ritmada por Emicida. De um lado, uma menina com medo da escurid\u00e3o, e o que ela n\u00e3o imagina, que do [&hellip;]<\/p>\n","protected":false},"author":96,"featured_media":170810,"comment_status":"closed","ping_status":"closed","sticky":false,"template":"","format":"standard","meta":{"footnotes":""},"categories":[1230],"tags":[],"class_list":["post-170809","post","type-post","status-publish","format-standard","has-post-thumbnail","hentry","category-moda-maria-carolina"],"_links":{"self":[{"href":"https:\/\/diarioregionaldigital.com.br\/index.php?rest_route=\/wp\/v2\/posts\/170809","targetHints":{"allow":["GET"]}}],"collection":[{"href":"https:\/\/diarioregionaldigital.com.br\/index.php?rest_route=\/wp\/v2\/posts"}],"about":[{"href":"https:\/\/diarioregionaldigital.com.br\/index.php?rest_route=\/wp\/v2\/types\/post"}],"author":[{"embeddable":true,"href":"https:\/\/diarioregionaldigital.com.br\/index.php?rest_route=\/wp\/v2\/users\/96"}],"replies":[{"embeddable":true,"href":"https:\/\/diarioregionaldigital.com.br\/index.php?rest_route=%2Fwp%2Fv2%2Fcomments&post=170809"}],"version-history":[{"count":0,"href":"https:\/\/diarioregionaldigital.com.br\/index.php?rest_route=\/wp\/v2\/posts\/170809\/revisions"}],"wp:featuredmedia":[{"embeddable":true,"href":"https:\/\/diarioregionaldigital.com.br\/index.php?rest_route=\/wp\/v2\/media\/170810"}],"wp:attachment":[{"href":"https:\/\/diarioregionaldigital.com.br\/index.php?rest_route=%2Fwp%2Fv2%2Fmedia&parent=170809"}],"wp:term":[{"taxonomy":"category","embeddable":true,"href":"https:\/\/diarioregionaldigital.com.br\/index.php?rest_route=%2Fwp%2Fv2%2Fcategories&post=170809"},{"taxonomy":"post_tag","embeddable":true,"href":"https:\/\/diarioregionaldigital.com.br\/index.php?rest_route=%2Fwp%2Fv2%2Ftags&post=170809"}],"curies":[{"name":"wp","href":"https:\/\/api.w.org\/{rel}","templated":true}]}}