{"id":170792,"date":"2020-10-11T06:00:11","date_gmt":"2020-10-11T09:00:11","guid":{"rendered":"https:\/\/diarioregionaldigital.com.br\/?p=170792"},"modified":"2020-10-13T15:21:11","modified_gmt":"2020-10-13T18:21:11","slug":"convocacao-de-assembleia-geral-yuni-previdenciarios-11-10-2020","status":"publish","type":"post","link":"https:\/\/diarioregionaldigital.com.br\/?p=170792","title":{"rendered":"Convoca\u00e7\u00e3o de Assembleia Geral YUNI Previdenci\u00e1rios  \u2013 11\/10\/2020"},"content":{"rendered":"<p style=\"text-align: center;\"><strong>EDITAL DE CONVOCA\u00c7\u00c3O<\/strong><\/p>\n<p style=\"text-align: center;\"><strong>ASSEMBLEIA GERAL ORDIN\u00c1RIA<\/strong><\/p>\n<p style=\"text-align: center;\"><strong><u>CONDOM\u00cdNIO RESIDENCIAL YUNI PREVIDENCI\u00c1RIOS<\/u><\/strong><\/p>\n<p>O S\u00edndico, no uso das suas atribui\u00e7\u00f5es legais e da Conven\u00e7\u00e3o, cumprindo o disposto no Artigo 1350 do CC\/2002, CONVOCA todos os cond\u00f4minos do <u>Condom\u00ednio Residencial Yuni Previdenci\u00e1rios<\/u>, para a Assembleia Geral Ordin\u00e1ria (AGO) a realizar-se no dia <strong><u>29\/10\/2020 (quinta-feira) <\/u><\/strong>\u00e0s 19:10 horas em 1\u00aa convoca\u00e7\u00e3o e \u00e0s 19:40 horas em 2\u00aa convoca\u00e7\u00e3o e nos termos da Conven\u00e7\u00e3o, de FORMA VIRTUAL, atrav\u00e9s dos aplicativos \u201cZOOM MEETING\u201d e \u201c\u00c1REA DO COND\u00d4MINO\u201d (ambos dispon\u00edveis para <em>computadores<\/em> e para as plataformas de dispositivos m\u00f3veis <em>iOS<\/em> e <em>ANDROID<\/em>), devido a contra indica\u00e7\u00e3o das autoridades para reuni\u00f5es presenciais e aglomera\u00e7\u00f5es, conforme o previsto no Decreto Municipal 13.975\/2020, tendo como amparo legal a Lei Federal 14010\/2020 (RJET) que inclusive trata sobre Assembleias Condominiais por \u201cmeios virtuais\u201d. Ser\u00e1 deliberada a seguinte Ordem do Dia:<\/p>\n<p>1.1 \u2013 Considera\u00e7\u00f5es iniciais do S\u00edndico e confer\u00eancia do quorum;<\/p>\n<p>1.2 \u2013 Homologa\u00e7\u00e3o de atos administrativos e Supergasbras Individual;<\/p>\n<p>2 \u2013 Informa\u00e7\u00f5es sobre o Regimento Interno;<\/p>\n<p>3 \u2013 Presta\u00e7\u00e3o de Contas;<\/p>\n<p>4 \u2013 Previs\u00e3o or\u00e7ament\u00e1ria das despesas e receitas\/contribui\u00e7\u00f5es dos Cond\u00f4minos;<\/p>\n<p>&nbsp;<\/p>\n<p style=\"text-align: center;\"><strong>OBSERVA\u00c7\u00d5ES e PROCEDIMENTOS EDITAL\u00cdCIOS para a ASSEMBLEIA:<\/strong><\/p>\n<ol>\n<li style=\"text-align: left;\">A assembleia ser\u00e1 realizada em dois ambientes, que funcionar\u00e3o de forma simult\u00e2nea:\n<ol>\n<li>Aplicativo ZOOM MEETING, no qual ser\u00e3o apresentadas as informa\u00e7\u00f5es\/temas relevantes e discuss\u00e3o da Ordem do Dia\/Pauta;<\/li>\n<li>Aplicativo \u00c1REA DO COND\u00d4MINO, fornecido pela Administradora, onde ser\u00e3o registrados e COMPUTADOS os votos de cada unidade adimplente, de forma a garantir a legalidade da opera\u00e7\u00e3o.<\/li>\n<\/ol>\n<\/li>\n<li style=\"text-align: left;\">O link para a participa\u00e7\u00e3o da reuni\u00e3o no app ZOOM MEETING, ser\u00e1 disponibilizado no e-mail daqueles cond\u00f4minos que previamente se credenciaram\/manifestaram pelo e-mail <a href=\"mailto:adm@angeloeferrari.com.br\">adm@angeloeferrari.com.br<\/a>. Os interessados em realizar credenciamento para participar ter\u00e3o at\u00e9 o dia 28\/10\/2020 para proceder o credenciamento por via eletr\u00f4nica.<\/li>\n<li style=\"text-align: left;\">Exclusivamente na Sede da Administradora, na Rua Marechal Deodoro, 987, Centro, em dias \u00fateis, at\u00e9 o dia 28\/10\/2020, poder\u00e3o ser feitos os cadastros presenciais para participa\u00e7\u00e3o virtual na Assembleia, sempre entre 11:00 \u00e0s 16:00. Em caso de duplicidade, o cadastro digital prevalecer\u00e1.<\/li>\n<li style=\"text-align: left;\">Para o registro do voto por meio do aplicativo \u00c1REA DO COND\u00d4MINO, ser\u00e1 necess\u00e1rio que os cond\u00f4minos estejam com os e-mails cadastrados na administradora, tendo em vista que, a partir do endere\u00e7o de e-mail todos receber\u00e3o o link para este procedimento;<\/li>\n<li style=\"text-align: left;\">At\u00e9 28\/10\/2020, quaisquer d\u00favidas e\/ou esclarecimentos poder\u00e3o ser sanados com a ^}ngelo &amp; Ferrari Administradora, de segunda \u00e0 sexta-feira, de 11:00 \u00e0s 16:00 horas, pelo telefone (32) 3314-0258 ou e-mail: <a href=\"mailto:adm@angeloeferrari.com.br\">adm@angeloeferrari.com.br<\/a>.<\/li>\n<\/ol>\n<p style=\"text-align: left;\">Tendo em vista a relev\u00e2ncia dos assuntos a serem tratados, lembro na necessidade absoluta da participa\u00e7\u00e3o, ou que se fa\u00e7am representar por procura\u00e7\u00e3o espec\u00edfica para essa assembleia. Esclare\u00e7o ainda, que as decis\u00f5es tomadas em Assembleias aplicar-se-\u00e3o \u00e0 todos, inclusive, aos ausentes.<\/p>\n<p style=\"text-align: center;\"><strong>Marcos de Lima Schuchter \u2013 S\u00edndico<\/strong><\/p>\n<p style=\"text-align: center;\"><strong>Condominio Residencial Yuni Previdenci\u00e1rios<\/strong><\/p>\n","protected":false},"excerpt":{"rendered":"<p>EDITAL DE CONVOCA\u00c7\u00c3O ASSEMBLEIA GERAL ORDIN\u00c1RIA CONDOM\u00cdNIO RESIDENCIAL YUNI PREVIDENCI\u00c1RIOS O S\u00edndico, no uso das suas atribui\u00e7\u00f5es legais e da Conven\u00e7\u00e3o, cumprindo o disposto no Artigo 1350 do CC\/2002, CONVOCA todos os cond\u00f4minos do Condom\u00ednio Residencial Yuni Previdenci\u00e1rios, para a Assembleia Geral Ordin\u00e1ria (AGO) a realizar-se no dia 29\/10\/2020 (quinta-feira) \u00e0s 19:10 horas em 1\u00aa [&hellip;]<\/p>\n","protected":false},"author":96,"featured_media":0,"comment_status":"closed","ping_status":"closed","sticky":false,"template":"","format":"standard","meta":{"footnotes":""},"categories":[307],"tags":[],"class_list":["post-170792","post","type-post","status-publish","format-standard","hentry","category-editais"],"_links":{"self":[{"href":"https:\/\/diarioregionaldigital.com.br\/index.php?rest_route=\/wp\/v2\/posts\/170792","targetHints":{"allow":["GET"]}}],"collection":[{"href":"https:\/\/diarioregionaldigital.com.br\/index.php?rest_route=\/wp\/v2\/posts"}],"about":[{"href":"https:\/\/diarioregionaldigital.com.br\/index.php?rest_route=\/wp\/v2\/types\/post"}],"author":[{"embeddable":true,"href":"https:\/\/diarioregionaldigital.com.br\/index.php?rest_route=\/wp\/v2\/users\/96"}],"replies":[{"embeddable":true,"href":"https:\/\/diarioregionaldigital.com.br\/index.php?rest_route=%2Fwp%2Fv2%2Fcomments&post=170792"}],"version-history":[{"count":0,"href":"https:\/\/diarioregionaldigital.com.br\/index.php?rest_route=\/wp\/v2\/posts\/170792\/revisions"}],"wp:attachment":[{"href":"https:\/\/diarioregionaldigital.com.br\/index.php?rest_route=%2Fwp%2Fv2%2Fmedia&parent=170792"}],"wp:term":[{"taxonomy":"category","embeddable":true,"href":"https:\/\/diarioregionaldigital.com.br\/index.php?rest_route=%2Fwp%2Fv2%2Fcategories&post=170792"},{"taxonomy":"post_tag","embeddable":true,"href":"https:\/\/diarioregionaldigital.com.br\/index.php?rest_route=%2Fwp%2Fv2%2Ftags&post=170792"}],"curies":[{"name":"wp","href":"https:\/\/api.w.org\/{rel}","templated":true}]}}