{"id":170790,"date":"2020-10-10T06:00:17","date_gmt":"2020-10-10T09:00:17","guid":{"rendered":"https:\/\/diarioregionaldigital.com.br\/?p=170790"},"modified":"2020-10-11T18:52:27","modified_gmt":"2020-10-11T21:52:27","slug":"convocacao-de-assembleia-geral-11-10-2020","status":"publish","type":"post","link":"https:\/\/diarioregionaldigital.com.br\/?p=170790","title":{"rendered":"Convoca\u00e7\u00e3o de Assembleia Geral &#8211; 11\/10\/2020"},"content":{"rendered":"<p style=\"text-align: center;\"><strong>EDITAL DE CONVOCA\u00c7\u00c3O<\/strong><\/p>\n<p style=\"text-align: center;\"><strong>ASSEMBLEIA GERAL EXTRAORDIN\u00c1RIA<\/strong><\/p>\n<p style=\"text-align: center;\"><strong>CONDOM\u00cdNIO DO EDIF\u00cdCIO SHOPPING CENTER SOLAR COMERCIAL<\/strong><\/p>\n<p>Ilmo. Senhores,<\/p>\n<p>Ficam todos os cond\u00f4minos do Condom\u00ednio do Edif\u00edcio Shopping Center Solar Comercial, convocados para a Assembleia Geral Extraordin\u00e1ria a realizar-se no 3\u00ba andar do edif\u00edcio, no dia <strong><u>22\/10\/2020<\/u> <\/strong>(quinta-feira) \u00e0s 18:30 horas em 1\u00aa convoca\u00e7\u00e3o e \u00e0s 19:00 horas em 2\u00aa convoca\u00e7\u00e3o a fim de ser deliberado:<\/p>\n<ol>\n<li>Informa\u00e7\u00f5es sobre o AVCB (Auto de Vistoria do Corpo de Bombeiros);<\/li>\n<li>Delibera\u00e7\u00e3o sobre a retirada da escada rolante, instala\u00e7\u00e3o de elevador e cria\u00e7\u00e3o de fundo extraordin\u00e1rio (taxa extra);<\/li>\n<li>Assuntos gerais.<\/li>\n<\/ol>\n<p><strong>Considerando o cen\u00e1rio atual da pandemia, e tamb\u00e9m o retorno gradativo de praticamente todas as atividades sociais, a administra\u00e7\u00e3o do condom\u00ednio optou por realizar a assembleia presencial devido ao n\u00famero reduzido de participantes. Entretanto, todas as medidas de seguran\u00e7a ser\u00e3o adotadas, como a disponibiliza\u00e7\u00e3o de \u00e1lcool gel, o distanciamento das pessoas e a discuss\u00e3o breve dos assuntos. Pedimos ainda, que compare\u00e7a a assembleia somente 01 representante de cada unidade e esteja utilizando m\u00e1scara de prote\u00e7\u00e3o<\/strong>.<\/p>\n<p>Tendo em vista a relev\u00e2ncia dos assuntos a serem tratados, ressalto a necessidade da sua participa\u00e7\u00e3o, ou que se fa\u00e7a representar por procura\u00e7\u00e3o espec\u00edfica para essa assembleia. Esclare\u00e7o ainda que as decis\u00f5es tomadas em assembleia impor-se-\u00e3o a todos, inclusive, aos ausentes.<\/p>\n<p style=\"text-align: center;\"><strong>Atenciosamente,<\/strong><\/p>\n<p style=\"text-align: center;\"><strong>Gerv\u00e1sio Silva Barbosa<\/strong><\/p>\n","protected":false},"excerpt":{"rendered":"<p>EDITAL DE CONVOCA\u00c7\u00c3O ASSEMBLEIA GERAL EXTRAORDIN\u00c1RIA CONDOM\u00cdNIO DO EDIF\u00cdCIO SHOPPING CENTER SOLAR COMERCIAL Ilmo. Senhores, Ficam todos os cond\u00f4minos do Condom\u00ednio do Edif\u00edcio Shopping Center Solar Comercial, convocados para a Assembleia Geral Extraordin\u00e1ria a realizar-se no 3\u00ba andar do edif\u00edcio, no dia 22\/10\/2020 (quinta-feira) \u00e0s 18:30 horas em 1\u00aa convoca\u00e7\u00e3o e \u00e0s 19:00 horas em [&hellip;]<\/p>\n","protected":false},"author":96,"featured_media":0,"comment_status":"closed","ping_status":"closed","sticky":false,"template":"","format":"standard","meta":{"footnotes":""},"categories":[307],"tags":[],"class_list":["post-170790","post","type-post","status-publish","format-standard","hentry","category-editais"],"_links":{"self":[{"href":"https:\/\/diarioregionaldigital.com.br\/index.php?rest_route=\/wp\/v2\/posts\/170790","targetHints":{"allow":["GET"]}}],"collection":[{"href":"https:\/\/diarioregionaldigital.com.br\/index.php?rest_route=\/wp\/v2\/posts"}],"about":[{"href":"https:\/\/diarioregionaldigital.com.br\/index.php?rest_route=\/wp\/v2\/types\/post"}],"author":[{"embeddable":true,"href":"https:\/\/diarioregionaldigital.com.br\/index.php?rest_route=\/wp\/v2\/users\/96"}],"replies":[{"embeddable":true,"href":"https:\/\/diarioregionaldigital.com.br\/index.php?rest_route=%2Fwp%2Fv2%2Fcomments&post=170790"}],"version-history":[{"count":0,"href":"https:\/\/diarioregionaldigital.com.br\/index.php?rest_route=\/wp\/v2\/posts\/170790\/revisions"}],"wp:attachment":[{"href":"https:\/\/diarioregionaldigital.com.br\/index.php?rest_route=%2Fwp%2Fv2%2Fmedia&parent=170790"}],"wp:term":[{"taxonomy":"category","embeddable":true,"href":"https:\/\/diarioregionaldigital.com.br\/index.php?rest_route=%2Fwp%2Fv2%2Fcategories&post=170790"},{"taxonomy":"post_tag","embeddable":true,"href":"https:\/\/diarioregionaldigital.com.br\/index.php?rest_route=%2Fwp%2Fv2%2Ftags&post=170790"}],"curies":[{"name":"wp","href":"https:\/\/api.w.org\/{rel}","templated":true}]}}