{"id":170788,"date":"2020-10-11T06:00:39","date_gmt":"2020-10-11T09:00:39","guid":{"rendered":"https:\/\/diarioregionaldigital.com.br\/?p=170788"},"modified":"2020-10-10T03:49:26","modified_gmt":"2020-10-10T06:49:26","slug":"dia-das-criancas-4","status":"publish","type":"post","link":"https:\/\/diarioregionaldigital.com.br\/?p=170788","title":{"rendered":"Dia das Crian\u00e7as"},"content":{"rendered":"<p style=\"text-align: center;\"><span style=\"font-size: 14pt;\"><strong>Dia das Crian\u00e7as<\/strong><\/span><\/p>\n<p style=\"text-align: center;\">No dia 12 de outubro \u00e9 comemorado o \u201cDia das Crian\u00e7as\u201d. Hoje este colunista re\u00fane sobrinhos \u2013 netos, mascotes e filhos de amigos queridos representando em fotos todas as crian\u00e7as do Brasil, Confiram os destaques.<\/p>\n<div id=\"attachment_170764\" style=\"width: 690px\" class=\"wp-caption aligncenter\"><img loading=\"lazy\" decoding=\"async\" aria-describedby=\"caption-attachment-170764\" class=\"wp-image-170764\" src=\"https:\/\/diarioregionaldigital.com.br\/wp-content\/uploads\/2020\/10\/fotoa-2-e1602302231652.jpeg\" alt=\"\" width=\"680\" height=\"471\" srcset=\"https:\/\/diarioregionaldigital.com.br\/wp-content\/uploads\/2020\/10\/fotoa-2-e1602302231652.jpeg 908w, https:\/\/diarioregionaldigital.com.br\/wp-content\/uploads\/2020\/10\/fotoa-2-e1602302231652-300x208.jpeg 300w, https:\/\/diarioregionaldigital.com.br\/wp-content\/uploads\/2020\/10\/fotoa-2-e1602302231652-768x532.jpeg 768w, https:\/\/diarioregionaldigital.com.br\/wp-content\/uploads\/2020\/10\/fotoa-2-e1602302231652-360x249.jpeg 360w, https:\/\/diarioregionaldigital.com.br\/wp-content\/uploads\/2020\/10\/fotoa-2-e1602302231652-100x70.jpeg 100w\" sizes=\"auto, (max-width: 680px) 100vw, 680px\" \/><p id=\"caption-attachment-170764\" class=\"wp-caption-text\">Eduardo Gomes e seus sobrinhos-netos, Bernardo e Eduardo da Rocha Azevedo<\/p><\/div>\n<div id=\"attachment_170765\" style=\"width: 690px\" class=\"wp-caption aligncenter\"><img loading=\"lazy\" decoding=\"async\" aria-describedby=\"caption-attachment-170765\" class=\"wp-image-170765\" src=\"https:\/\/diarioregionaldigital.com.br\/wp-content\/uploads\/2020\/10\/fotob-6-e1602302279775.jpg\" alt=\"\" width=\"680\" height=\"528\" srcset=\"https:\/\/diarioregionaldigital.com.br\/wp-content\/uploads\/2020\/10\/fotob-6-e1602302279775.jpg 720w, https:\/\/diarioregionaldigital.com.br\/wp-content\/uploads\/2020\/10\/fotob-6-e1602302279775-300x233.jpg 300w, https:\/\/diarioregionaldigital.com.br\/wp-content\/uploads\/2020\/10\/fotob-6-e1602302279775-360x280.jpg 360w\" sizes=\"auto, (max-width: 680px) 100vw, 680px\" \/><p id=\"caption-attachment-170765\" class=\"wp-caption-text\">Ol\u00edvia e a av\u00f3 V\u00e2nia Piccinini Silva<\/p><\/div>\n<div id=\"attachment_170766\" style=\"width: 690px\" class=\"wp-caption aligncenter\"><img loading=\"lazy\" decoding=\"async\" aria-describedby=\"caption-attachment-170766\" class=\"wp-image-170766\" src=\"https:\/\/diarioregionaldigital.com.br\/wp-content\/uploads\/2020\/10\/fotoc-6-e1602302317749.jpg\" alt=\"\" width=\"680\" height=\"480\" srcset=\"https:\/\/diarioregionaldigital.com.br\/wp-content\/uploads\/2020\/10\/fotoc-6-e1602302317749.jpg 700w, https:\/\/diarioregionaldigital.com.br\/wp-content\/uploads\/2020\/10\/fotoc-6-e1602302317749-300x212.jpg 300w, https:\/\/diarioregionaldigital.com.br\/wp-content\/uploads\/2020\/10\/fotoc-6-e1602302317749-360x254.jpg 360w, https:\/\/diarioregionaldigital.com.br\/wp-content\/uploads\/2020\/10\/fotoc-6-e1602302317749-100x70.jpg 100w\" sizes=\"auto, (max-width: 680px) 100vw, 680px\" \/><p id=\"caption-attachment-170766\" class=\"wp-caption-text\">O fisioterapeuta Ramon David e a sobrinha J\u00falia<\/p><\/div>\n<div id=\"attachment_170775\" style=\"width: 690px\" class=\"wp-caption aligncenter\"><img loading=\"lazy\" decoding=\"async\" aria-describedby=\"caption-attachment-170775\" class=\"wp-image-170775\" src=\"https:\/\/diarioregionaldigital.com.br\/wp-content\/uploads\/2020\/10\/fotom-e1602303017534.jpeg\" alt=\"\" width=\"680\" height=\"481\" srcset=\"https:\/\/diarioregionaldigital.com.br\/wp-content\/uploads\/2020\/10\/fotom-e1602303017534.jpeg 1184w, https:\/\/diarioregionaldigital.com.br\/wp-content\/uploads\/2020\/10\/fotom-e1602303017534-300x212.jpeg 300w, https:\/\/diarioregionaldigital.com.br\/wp-content\/uploads\/2020\/10\/fotom-e1602303017534-1024x725.jpeg 1024w, https:\/\/diarioregionaldigital.com.br\/wp-content\/uploads\/2020\/10\/fotom-e1602303017534-768x544.jpeg 768w, https:\/\/diarioregionaldigital.com.br\/wp-content\/uploads\/2020\/10\/fotom-e1602303017534-750x530.jpeg 750w, https:\/\/diarioregionaldigital.com.br\/wp-content\/uploads\/2020\/10\/fotom-e1602303017534-360x255.jpeg 360w, https:\/\/diarioregionaldigital.com.br\/wp-content\/uploads\/2020\/10\/fotom-e1602303017534-100x70.jpeg 100w\" sizes=\"auto, (max-width: 680px) 100vw, 680px\" \/><p id=\"caption-attachment-170775\" class=\"wp-caption-text\">As estrelinhas sobrinhas-netas: Maria Eduarda Gomes e Luiza Helena Gomes Caniato<\/p><\/div>\n<div id=\"attachment_170767\" style=\"width: 690px\" class=\"wp-caption aligncenter\"><img loading=\"lazy\" decoding=\"async\" aria-describedby=\"caption-attachment-170767\" class=\"wp-image-170767\" src=\"https:\/\/diarioregionaldigital.com.br\/wp-content\/uploads\/2020\/10\/fotod-5-e1602302373759.jpg\" alt=\"\" width=\"680\" height=\"482\" srcset=\"https:\/\/diarioregionaldigital.com.br\/wp-content\/uploads\/2020\/10\/fotod-5-e1602302373759.jpg 775w, https:\/\/diarioregionaldigital.com.br\/wp-content\/uploads\/2020\/10\/fotod-5-e1602302373759-300x213.jpg 300w, https:\/\/diarioregionaldigital.com.br\/wp-content\/uploads\/2020\/10\/fotod-5-e1602302373759-768x544.jpg 768w, https:\/\/diarioregionaldigital.com.br\/wp-content\/uploads\/2020\/10\/fotod-5-e1602302373759-750x530.jpg 750w, https:\/\/diarioregionaldigital.com.br\/wp-content\/uploads\/2020\/10\/fotod-5-e1602302373759-360x255.jpg 360w, https:\/\/diarioregionaldigital.com.br\/wp-content\/uploads\/2020\/10\/fotod-5-e1602302373759-100x70.jpg 100w\" sizes=\"auto, (max-width: 680px) 100vw, 680px\" \/><p id=\"caption-attachment-170767\" class=\"wp-caption-text\">Dr: Thiago Barros e os filhos Maria e Joaquim<\/p><\/div>\n<div id=\"attachment_170768\" style=\"width: 690px\" class=\"wp-caption aligncenter\"><img loading=\"lazy\" decoding=\"async\" aria-describedby=\"caption-attachment-170768\" class=\"wp-image-170768\" src=\"https:\/\/diarioregionaldigital.com.br\/wp-content\/uploads\/2020\/10\/fotoe-4-e1602302402341.jpg\" alt=\"\" width=\"680\" height=\"498\" srcset=\"https:\/\/diarioregionaldigital.com.br\/wp-content\/uploads\/2020\/10\/fotoe-4-e1602302402341.jpg 717w, https:\/\/diarioregionaldigital.com.br\/wp-content\/uploads\/2020\/10\/fotoe-4-e1602302402341-300x220.jpg 300w, https:\/\/diarioregionaldigital.com.br\/wp-content\/uploads\/2020\/10\/fotoe-4-e1602302402341-360x264.jpg 360w\" sizes=\"auto, (max-width: 680px) 100vw, 680px\" \/><p id=\"caption-attachment-170768\" class=\"wp-caption-text\">Vin\u00edcius Ciribeli e Lenilson Fonseca e a sobrinha Antonella<\/p><\/div>\n<div id=\"attachment_170769\" style=\"width: 690px\" class=\"wp-caption aligncenter\"><img loading=\"lazy\" decoding=\"async\" aria-describedby=\"caption-attachment-170769\" class=\"wp-image-170769\" src=\"https:\/\/diarioregionaldigital.com.br\/wp-content\/uploads\/2020\/10\/fotof-e1602302697914.jpeg\" alt=\"\" width=\"680\" height=\"493\" srcset=\"https:\/\/diarioregionaldigital.com.br\/wp-content\/uploads\/2020\/10\/fotof-e1602302697914.jpeg 734w, https:\/\/diarioregionaldigital.com.br\/wp-content\/uploads\/2020\/10\/fotof-e1602302697914-300x217.jpeg 300w, https:\/\/diarioregionaldigital.com.br\/wp-content\/uploads\/2020\/10\/fotof-e1602302697914-360x261.jpeg 360w\" sizes=\"auto, (max-width: 680px) 100vw, 680px\" \/><p id=\"caption-attachment-170769\" class=\"wp-caption-text\">Filho de Suellen e Rudolf Ramos, o lindo Bernardo<\/p><\/div>\n<div id=\"attachment_170770\" style=\"width: 690px\" class=\"wp-caption aligncenter\"><img loading=\"lazy\" decoding=\"async\" aria-describedby=\"caption-attachment-170770\" class=\"wp-image-170770\" src=\"https:\/\/diarioregionaldigital.com.br\/wp-content\/uploads\/2020\/10\/fotog-e1602302791247.jpeg\" alt=\"\" width=\"680\" height=\"531\" srcset=\"https:\/\/diarioregionaldigital.com.br\/wp-content\/uploads\/2020\/10\/fotog-e1602302791247.jpeg 719w, https:\/\/diarioregionaldigital.com.br\/wp-content\/uploads\/2020\/10\/fotog-e1602302791247-300x234.jpeg 300w, https:\/\/diarioregionaldigital.com.br\/wp-content\/uploads\/2020\/10\/fotog-e1602302791247-360x281.jpeg 360w\" sizes=\"auto, (max-width: 680px) 100vw, 680px\" \/><p id=\"caption-attachment-170770\" class=\"wp-caption-text\">Roger Noronha e o filho Davi<\/p><\/div>\n<div id=\"attachment_170771\" style=\"width: 690px\" class=\"wp-caption aligncenter\"><img loading=\"lazy\" decoding=\"async\" aria-describedby=\"caption-attachment-170771\" class=\"wp-image-170771\" src=\"https:\/\/diarioregionaldigital.com.br\/wp-content\/uploads\/2020\/10\/fotoh-4-e1602302842699.jpg\" alt=\"\" width=\"680\" height=\"625\" srcset=\"https:\/\/diarioregionaldigital.com.br\/wp-content\/uploads\/2020\/10\/fotoh-4-e1602302842699.jpg 800w, https:\/\/diarioregionaldigital.com.br\/wp-content\/uploads\/2020\/10\/fotoh-4-e1602302842699-300x276.jpg 300w, https:\/\/diarioregionaldigital.com.br\/wp-content\/uploads\/2020\/10\/fotoh-4-e1602302842699-768x706.jpg 768w, https:\/\/diarioregionaldigital.com.br\/wp-content\/uploads\/2020\/10\/fotoh-4-e1602302842699-360x331.jpg 360w\" sizes=\"auto, (max-width: 680px) 100vw, 680px\" \/><p id=\"caption-attachment-170771\" class=\"wp-caption-text\">Arthur Ferreira Chillis e a m\u00e3e Regina Ferreira<\/p><\/div>\n<div id=\"attachment_170772\" style=\"width: 690px\" class=\"wp-caption aligncenter\"><img loading=\"lazy\" decoding=\"async\" aria-describedby=\"caption-attachment-170772\" class=\"wp-image-170772\" src=\"https:\/\/diarioregionaldigital.com.br\/wp-content\/uploads\/2020\/10\/fotoi-2-e1602302880868.jpeg\" alt=\"\" width=\"680\" height=\"470\" srcset=\"https:\/\/diarioregionaldigital.com.br\/wp-content\/uploads\/2020\/10\/fotoi-2-e1602302880868.jpeg 1180w, https:\/\/diarioregionaldigital.com.br\/wp-content\/uploads\/2020\/10\/fotoi-2-e1602302880868-300x207.jpeg 300w, https:\/\/diarioregionaldigital.com.br\/wp-content\/uploads\/2020\/10\/fotoi-2-e1602302880868-1024x708.jpeg 1024w, https:\/\/diarioregionaldigital.com.br\/wp-content\/uploads\/2020\/10\/fotoi-2-e1602302880868-768x531.jpeg 768w, https:\/\/diarioregionaldigital.com.br\/wp-content\/uploads\/2020\/10\/fotoi-2-e1602302880868-360x249.jpeg 360w, https:\/\/diarioregionaldigital.com.br\/wp-content\/uploads\/2020\/10\/fotoi-2-e1602302880868-100x70.jpeg 100w\" sizes=\"auto, (max-width: 680px) 100vw, 680px\" \/><p id=\"caption-attachment-170772\" class=\"wp-caption-text\">A linda Nicole Gomes Teles, filha de Raquel e Leandro Teles<\/p><\/div>\n<div id=\"attachment_170773\" style=\"width: 690px\" class=\"wp-caption aligncenter\"><img loading=\"lazy\" decoding=\"async\" aria-describedby=\"caption-attachment-170773\" class=\"wp-image-170773\" src=\"https:\/\/diarioregionaldigital.com.br\/wp-content\/uploads\/2020\/10\/fotoj-e1602302912244.jpeg\" alt=\"\" width=\"680\" height=\"513\" srcset=\"https:\/\/diarioregionaldigital.com.br\/wp-content\/uploads\/2020\/10\/fotoj-e1602302912244.jpeg 861w, https:\/\/diarioregionaldigital.com.br\/wp-content\/uploads\/2020\/10\/fotoj-e1602302912244-300x226.jpeg 300w, https:\/\/diarioregionaldigital.com.br\/wp-content\/uploads\/2020\/10\/fotoj-e1602302912244-768x580.jpeg 768w, https:\/\/diarioregionaldigital.com.br\/wp-content\/uploads\/2020\/10\/fotoj-e1602302912244-360x272.jpeg 360w\" sizes=\"auto, (max-width: 680px) 100vw, 680px\" \/><p id=\"caption-attachment-170773\" class=\"wp-caption-text\">Filho de Patr\u00edcia Ramos Gomes e Heleno Almeida, o levado Arthur<\/p><\/div>\n<div id=\"attachment_170774\" style=\"width: 690px\" class=\"wp-caption aligncenter\"><img loading=\"lazy\" decoding=\"async\" aria-describedby=\"caption-attachment-170774\" class=\"wp-image-170774\" src=\"https:\/\/diarioregionaldigital.com.br\/wp-content\/uploads\/2020\/10\/fotol-e1602302972778.jpg\" alt=\"\" width=\"680\" height=\"499\" srcset=\"https:\/\/diarioregionaldigital.com.br\/wp-content\/uploads\/2020\/10\/fotol-e1602302972778.jpg 676w, https:\/\/diarioregionaldigital.com.br\/wp-content\/uploads\/2020\/10\/fotol-e1602302972778-300x220.jpg 300w, https:\/\/diarioregionaldigital.com.br\/wp-content\/uploads\/2020\/10\/fotol-e1602302972778-360x264.jpg 360w\" sizes=\"auto, (max-width: 680px) 100vw, 680px\" \/><p id=\"caption-attachment-170774\" class=\"wp-caption-text\">O DJ Anael Guedes e a filha Ana Laura<\/p><\/div>\n<div id=\"attachment_170776\" style=\"width: 690px\" class=\"wp-caption aligncenter\"><img loading=\"lazy\" decoding=\"async\" aria-describedby=\"caption-attachment-170776\" class=\"wp-image-170776\" src=\"https:\/\/diarioregionaldigital.com.br\/wp-content\/uploads\/2020\/10\/foton-e1602303059564.jpeg\" alt=\"\" width=\"680\" height=\"484\" srcset=\"https:\/\/diarioregionaldigital.com.br\/wp-content\/uploads\/2020\/10\/foton-e1602303059564.jpeg 720w, https:\/\/diarioregionaldigital.com.br\/wp-content\/uploads\/2020\/10\/foton-e1602303059564-300x213.jpeg 300w, https:\/\/diarioregionaldigital.com.br\/wp-content\/uploads\/2020\/10\/foton-e1602303059564-360x256.jpeg 360w, https:\/\/diarioregionaldigital.com.br\/wp-content\/uploads\/2020\/10\/foton-e1602303059564-100x70.jpeg 100w\" sizes=\"auto, (max-width: 680px) 100vw, 680px\" \/><p id=\"caption-attachment-170776\" class=\"wp-caption-text\">A linda Thayla Fernandes<\/p><\/div>\n<div id=\"attachment_170777\" style=\"width: 690px\" class=\"wp-caption aligncenter\"><img loading=\"lazy\" decoding=\"async\" aria-describedby=\"caption-attachment-170777\" class=\"wp-image-170777\" src=\"https:\/\/diarioregionaldigital.com.br\/wp-content\/uploads\/2020\/10\/fotoo-e1602303095525.jpeg\" alt=\"\" width=\"680\" height=\"508\" srcset=\"https:\/\/diarioregionaldigital.com.br\/wp-content\/uploads\/2020\/10\/fotoo-e1602303095525.jpeg 701w, https:\/\/diarioregionaldigital.com.br\/wp-content\/uploads\/2020\/10\/fotoo-e1602303095525-300x224.jpeg 300w, https:\/\/diarioregionaldigital.com.br\/wp-content\/uploads\/2020\/10\/fotoo-e1602303095525-360x269.jpeg 360w\" sizes=\"auto, (max-width: 680px) 100vw, 680px\" \/><p id=\"caption-attachment-170777\" class=\"wp-caption-text\">O Filho de Fernando Cruz e Luciana, querido Bernardo Passarela Carvalho Cruz<\/p><\/div>\n<div id=\"attachment_170778\" style=\"width: 690px\" class=\"wp-caption aligncenter\"><img loading=\"lazy\" decoding=\"async\" aria-describedby=\"caption-attachment-170778\" class=\"wp-image-170778\" src=\"https:\/\/diarioregionaldigital.com.br\/wp-content\/uploads\/2020\/10\/fotop-e1602303130240.jpeg\" alt=\"\" width=\"680\" height=\"772\" srcset=\"https:\/\/diarioregionaldigital.com.br\/wp-content\/uploads\/2020\/10\/fotop-e1602303130240.jpeg 762w, https:\/\/diarioregionaldigital.com.br\/wp-content\/uploads\/2020\/10\/fotop-e1602303130240-264x300.jpeg 264w, https:\/\/diarioregionaldigital.com.br\/wp-content\/uploads\/2020\/10\/fotop-e1602303130240-360x409.jpeg 360w\" sizes=\"auto, (max-width: 680px) 100vw, 680px\" \/><p id=\"caption-attachment-170778\" class=\"wp-caption-text\">Os mascotes desta coluna: Ot\u00e1vio Alves e Heitor Alves<\/p><\/div>\n<div id=\"attachment_170779\" style=\"width: 690px\" class=\"wp-caption aligncenter\"><img loading=\"lazy\" decoding=\"async\" aria-describedby=\"caption-attachment-170779\" class=\"wp-image-170779\" src=\"https:\/\/diarioregionaldigital.com.br\/wp-content\/uploads\/2020\/10\/fotoq-e1602303165167.jpg\" alt=\"\" width=\"680\" height=\"502\" srcset=\"https:\/\/diarioregionaldigital.com.br\/wp-content\/uploads\/2020\/10\/fotoq-e1602303165167.jpg 1441w, https:\/\/diarioregionaldigital.com.br\/wp-content\/uploads\/2020\/10\/fotoq-e1602303165167-300x222.jpg 300w, https:\/\/diarioregionaldigital.com.br\/wp-content\/uploads\/2020\/10\/fotoq-e1602303165167-1024x756.jpg 1024w, https:\/\/diarioregionaldigital.com.br\/wp-content\/uploads\/2020\/10\/fotoq-e1602303165167-768x567.jpg 768w, https:\/\/diarioregionaldigital.com.br\/wp-content\/uploads\/2020\/10\/fotoq-e1602303165167-360x266.jpg 360w\" sizes=\"auto, (max-width: 680px) 100vw, 680px\" \/><p id=\"caption-attachment-170779\" class=\"wp-caption-text\">Direto de Maresp o querido Miguel Bergamasso Veras<\/p><\/div>\n<div id=\"attachment_170780\" style=\"width: 690px\" class=\"wp-caption aligncenter\"><img loading=\"lazy\" decoding=\"async\" aria-describedby=\"caption-attachment-170780\" class=\"wp-image-170780\" src=\"https:\/\/diarioregionaldigital.com.br\/wp-content\/uploads\/2020\/10\/fotor-e1602303205844.jpg\" alt=\"\" width=\"680\" height=\"495\" srcset=\"https:\/\/diarioregionaldigital.com.br\/wp-content\/uploads\/2020\/10\/fotor-e1602303205844.jpg 1349w, https:\/\/diarioregionaldigital.com.br\/wp-content\/uploads\/2020\/10\/fotor-e1602303205844-300x218.jpg 300w, https:\/\/diarioregionaldigital.com.br\/wp-content\/uploads\/2020\/10\/fotor-e1602303205844-1024x745.jpg 1024w, https:\/\/diarioregionaldigital.com.br\/wp-content\/uploads\/2020\/10\/fotor-e1602303205844-768x559.jpg 768w, https:\/\/diarioregionaldigital.com.br\/wp-content\/uploads\/2020\/10\/fotor-e1602303205844-360x262.jpg 360w\" sizes=\"auto, (max-width: 680px) 100vw, 680px\" \/><p id=\"caption-attachment-170780\" class=\"wp-caption-text\">Filho de Gesane Luchesi e Stefen Vianna Whitaker, o lindo Th\u00e9o Vianna Whitaker<\/p><\/div>\n<div id=\"attachment_170781\" style=\"width: 690px\" class=\"wp-caption aligncenter\"><img loading=\"lazy\" decoding=\"async\" aria-describedby=\"caption-attachment-170781\" class=\"wp-image-170781\" src=\"https:\/\/diarioregionaldigital.com.br\/wp-content\/uploads\/2020\/10\/fotos-e1602303242820.jpg\" alt=\"\" width=\"680\" height=\"467\" srcset=\"https:\/\/diarioregionaldigital.com.br\/wp-content\/uploads\/2020\/10\/fotos-e1602303242820.jpg 1026w, https:\/\/diarioregionaldigital.com.br\/wp-content\/uploads\/2020\/10\/fotos-e1602303242820-300x206.jpg 300w, https:\/\/diarioregionaldigital.com.br\/wp-content\/uploads\/2020\/10\/fotos-e1602303242820-1024x703.jpg 1024w, https:\/\/diarioregionaldigital.com.br\/wp-content\/uploads\/2020\/10\/fotos-e1602303242820-768x527.jpg 768w, https:\/\/diarioregionaldigital.com.br\/wp-content\/uploads\/2020\/10\/fotos-e1602303242820-360x247.jpg 360w, https:\/\/diarioregionaldigital.com.br\/wp-content\/uploads\/2020\/10\/fotos-e1602303242820-100x70.jpg 100w\" sizes=\"auto, (max-width: 680px) 100vw, 680px\" \/><p id=\"caption-attachment-170781\" class=\"wp-caption-text\">Filhos de Aimine e Diego Le\u00e3o, os lindos Lu\u00edsa e Davi Le\u00e3o<\/p><\/div>\n<div id=\"attachment_170782\" style=\"width: 690px\" class=\"wp-caption aligncenter\"><img loading=\"lazy\" decoding=\"async\" aria-describedby=\"caption-attachment-170782\" class=\"wp-image-170782\" src=\"https:\/\/diarioregionaldigital.com.br\/wp-content\/uploads\/2020\/10\/fotot-e1602303282533.jpeg\" alt=\"\" width=\"680\" height=\"484\" srcset=\"https:\/\/diarioregionaldigital.com.br\/wp-content\/uploads\/2020\/10\/fotot-e1602303282533.jpeg 691w, https:\/\/diarioregionaldigital.com.br\/wp-content\/uploads\/2020\/10\/fotot-e1602303282533-300x214.jpeg 300w, https:\/\/diarioregionaldigital.com.br\/wp-content\/uploads\/2020\/10\/fotot-e1602303282533-360x256.jpeg 360w, https:\/\/diarioregionaldigital.com.br\/wp-content\/uploads\/2020\/10\/fotot-e1602303282533-100x70.jpeg 100w\" sizes=\"auto, (max-width: 680px) 100vw, 680px\" \/><p id=\"caption-attachment-170782\" class=\"wp-caption-text\">A estrelinha Maria Beatriz Lacerda, filha de Paula e Ricardo Lacerda<\/p><\/div>\n<div id=\"attachment_170783\" style=\"width: 690px\" class=\"wp-caption aligncenter\"><img loading=\"lazy\" decoding=\"async\" aria-describedby=\"caption-attachment-170783\" class=\"wp-image-170783\" src=\"https:\/\/diarioregionaldigital.com.br\/wp-content\/uploads\/2020\/10\/fotou-e1602303316949.jpg\" alt=\"\" width=\"680\" height=\"489\" srcset=\"https:\/\/diarioregionaldigital.com.br\/wp-content\/uploads\/2020\/10\/fotou-e1602303316949.jpg 713w, https:\/\/diarioregionaldigital.com.br\/wp-content\/uploads\/2020\/10\/fotou-e1602303316949-300x216.jpg 300w, https:\/\/diarioregionaldigital.com.br\/wp-content\/uploads\/2020\/10\/fotou-e1602303316949-360x259.jpg 360w\" sizes=\"auto, (max-width: 680px) 100vw, 680px\" \/><p id=\"caption-attachment-170783\" class=\"wp-caption-text\">Os queridos Henrique e seu pai Euller Lopes<\/p><\/div>\n<div id=\"attachment_170784\" style=\"width: 690px\" class=\"wp-caption aligncenter\"><img loading=\"lazy\" decoding=\"async\" aria-describedby=\"caption-attachment-170784\" class=\"wp-image-170784\" src=\"https:\/\/diarioregionaldigital.com.br\/wp-content\/uploads\/2020\/10\/fotox-e1602303355133.jpg\" alt=\"\" width=\"680\" height=\"544\" srcset=\"https:\/\/diarioregionaldigital.com.br\/wp-content\/uploads\/2020\/10\/fotox-e1602303355133.jpg 1080w, https:\/\/diarioregionaldigital.com.br\/wp-content\/uploads\/2020\/10\/fotox-e1602303355133-300x240.jpg 300w, https:\/\/diarioregionaldigital.com.br\/wp-content\/uploads\/2020\/10\/fotox-e1602303355133-1024x819.jpg 1024w, https:\/\/diarioregionaldigital.com.br\/wp-content\/uploads\/2020\/10\/fotox-e1602303355133-768x614.jpg 768w, https:\/\/diarioregionaldigital.com.br\/wp-content\/uploads\/2020\/10\/fotox-e1602303355133-360x288.jpg 360w\" sizes=\"auto, (max-width: 680px) 100vw, 680px\" \/><p id=\"caption-attachment-170784\" class=\"wp-caption-text\">Filho de Jane e Vitinho Roux, o belo Th\u00e9o Roux<\/p><\/div>\n<div id=\"attachment_170785\" style=\"width: 690px\" class=\"wp-caption aligncenter\"><img loading=\"lazy\" decoding=\"async\" aria-describedby=\"caption-attachment-170785\" class=\"wp-image-170785\" src=\"https:\/\/diarioregionaldigital.com.br\/wp-content\/uploads\/2020\/10\/fotoz-e1602303399953.jpeg\" alt=\"\" width=\"680\" height=\"468\" srcset=\"https:\/\/diarioregionaldigital.com.br\/wp-content\/uploads\/2020\/10\/fotoz-e1602303399953.jpeg 1137w, https:\/\/diarioregionaldigital.com.br\/wp-content\/uploads\/2020\/10\/fotoz-e1602303399953-300x207.jpeg 300w, https:\/\/diarioregionaldigital.com.br\/wp-content\/uploads\/2020\/10\/fotoz-e1602303399953-1024x705.jpeg 1024w, https:\/\/diarioregionaldigital.com.br\/wp-content\/uploads\/2020\/10\/fotoz-e1602303399953-768x529.jpeg 768w, https:\/\/diarioregionaldigital.com.br\/wp-content\/uploads\/2020\/10\/fotoz-e1602303399953-360x248.jpeg 360w, https:\/\/diarioregionaldigital.com.br\/wp-content\/uploads\/2020\/10\/fotoz-e1602303399953-100x70.jpeg 100w\" sizes=\"auto, (max-width: 680px) 100vw, 680px\" \/><p id=\"caption-attachment-170785\" class=\"wp-caption-text\">Filho de Eliz\u00e2ngela Gomes e Alexandre, o pequeno artista Breno Gomes<\/p><\/div>\n<div id=\"attachment_170786\" style=\"width: 690px\" class=\"wp-caption aligncenter\"><img loading=\"lazy\" decoding=\"async\" aria-describedby=\"caption-attachment-170786\" class=\"wp-image-170786\" src=\"https:\/\/diarioregionaldigital.com.br\/wp-content\/uploads\/2020\/10\/fotozz-e1602303440487.jpg\" alt=\"\" width=\"680\" height=\"502\" srcset=\"https:\/\/diarioregionaldigital.com.br\/wp-content\/uploads\/2020\/10\/fotozz-e1602303440487.jpg 708w, https:\/\/diarioregionaldigital.com.br\/wp-content\/uploads\/2020\/10\/fotozz-e1602303440487-300x222.jpg 300w, https:\/\/diarioregionaldigital.com.br\/wp-content\/uploads\/2020\/10\/fotozz-e1602303440487-360x266.jpg 360w\" sizes=\"auto, (max-width: 680px) 100vw, 680px\" \/><p id=\"caption-attachment-170786\" class=\"wp-caption-text\">Filho de Raquel Jannotti e Diogo Souza Gomes o querido Hugo<\/p><\/div>\n<div id=\"attachment_170787\" style=\"width: 690px\" class=\"wp-caption aligncenter\"><img loading=\"lazy\" decoding=\"async\" aria-describedby=\"caption-attachment-170787\" class=\"wp-image-170787\" src=\"https:\/\/diarioregionaldigital.com.br\/wp-content\/uploads\/2020\/10\/fotozzz-e1602303504986.jpeg\" alt=\"\" width=\"680\" height=\"512\" srcset=\"https:\/\/diarioregionaldigital.com.br\/wp-content\/uploads\/2020\/10\/fotozzz-e1602303504986.jpeg 960w, https:\/\/diarioregionaldigital.com.br\/wp-content\/uploads\/2020\/10\/fotozzz-e1602303504986-300x226.jpeg 300w, https:\/\/diarioregionaldigital.com.br\/wp-content\/uploads\/2020\/10\/fotozzz-e1602303504986-768x578.jpeg 768w, https:\/\/diarioregionaldigital.com.br\/wp-content\/uploads\/2020\/10\/fotozzz-e1602303504986-360x271.jpeg 360w\" sizes=\"auto, (max-width: 680px) 100vw, 680px\" \/><p id=\"caption-attachment-170787\" class=\"wp-caption-text\">O querido Matheus, filho de Elisa Marsicano e Marcelo Mendes<\/p><\/div>\n<p style=\"text-align: center;\"><strong>FOTOSS\u00cdNTESE<\/strong><\/p>\n<p>Amanh\u00e3 12 de outubro \u201cDia de Nossa Senhora Aparecida\u201d. Viva a Padroeira do Brasil.<\/p>\n<p>Foi lan\u00e7ado com sucesso no YouTube pelos alunos da UFJF, a Webs\u00e9rie \u201cNetre Corpos\u201d, com coordena\u00e7\u00e3o perfeita da professora de cinema, Mar\u00edlia Lima.<\/p>\n<p>Prorrogadas as inscri\u00e7\u00f5es at\u00e9 15 de outubro para o Festival internacional O Cubo de Cinema independente em L\u00edngua Portuguesa.<\/p>\n<p>Com investimento de R$1 Milh\u00e3o, foi inaugurada no Independ\u00eancia Shopping a 61 \u00aa loja do Bahamas Express.<\/p>\n<p>A nova unidade da Rede Sesi de Educa\u00e7\u00e3o em Juiz de Fora ser\u00e1 constru\u00edda na Rua Henrique Burnier. Para tanto, a Fiemg publicou licita\u00e7\u00e3o. O presidente da Fiemg Regional, Heveraldo Lima de Castro anunciou que as obras ter\u00e3o in\u00edcio em 2021, e vai oferecer cursos profissionalizantes para dois mil alunos.<\/p>\n<p>Se destacando na ger\u00eancia da Dig\u00e3o Lanches o din\u00e2mico administrador Giulio Miranda.<\/p>\n<p>Faz sucesso enorme os pijamas da Bonjour para e elas e para eles.<\/p>\n<p>Irene Barros planejando coisas boas para a Sociedade de Belas Artes Ant\u00f4nio Parreira. A mudan\u00e7a do local \u00e9 urgente. Al\u00f4 pol\u00edticos e empres\u00e1rios vamos ajudar.<\/p>\n<p>Brother: Quando o modelo de vida leva a um esgotamento, \u00e9 fundamental questionar se vale a pena continuar no mesmo caminho, seja no trabalho, na amizade e no amor. Bom dia.<\/p>\n","protected":false},"excerpt":{"rendered":"<p>Dia das Crian\u00e7as No dia 12 de outubro \u00e9 comemorado o \u201cDia das Crian\u00e7as\u201d. Hoje este colunista re\u00fane sobrinhos \u2013 netos, mascotes e filhos de amigos queridos representando em fotos todas as crian\u00e7as do Brasil, Confiram os destaques. FOTOSS\u00cdNTESE Amanh\u00e3 12 de outubro \u201cDia de Nossa Senhora Aparecida\u201d. Viva a Padroeira do Brasil. Foi lan\u00e7ado [&hellip;]<\/p>\n","protected":false},"author":96,"featured_media":170764,"comment_status":"closed","ping_status":"closed","sticky":false,"template":"","format":"standard","meta":{"footnotes":""},"categories":[264],"tags":[],"class_list":["post-170788","post","type-post","status-publish","format-standard","has-post-thumbnail","hentry","category-eduardo-gomes"],"_links":{"self":[{"href":"https:\/\/diarioregionaldigital.com.br\/index.php?rest_route=\/wp\/v2\/posts\/170788","targetHints":{"allow":["GET"]}}],"collection":[{"href":"https:\/\/diarioregionaldigital.com.br\/index.php?rest_route=\/wp\/v2\/posts"}],"about":[{"href":"https:\/\/diarioregionaldigital.com.br\/index.php?rest_route=\/wp\/v2\/types\/post"}],"author":[{"embeddable":true,"href":"https:\/\/diarioregionaldigital.com.br\/index.php?rest_route=\/wp\/v2\/users\/96"}],"replies":[{"embeddable":true,"href":"https:\/\/diarioregionaldigital.com.br\/index.php?rest_route=%2Fwp%2Fv2%2Fcomments&post=170788"}],"version-history":[{"count":0,"href":"https:\/\/diarioregionaldigital.com.br\/index.php?rest_route=\/wp\/v2\/posts\/170788\/revisions"}],"wp:featuredmedia":[{"embeddable":true,"href":"https:\/\/diarioregionaldigital.com.br\/index.php?rest_route=\/wp\/v2\/media\/170764"}],"wp:attachment":[{"href":"https:\/\/diarioregionaldigital.com.br\/index.php?rest_route=%2Fwp%2Fv2%2Fmedia&parent=170788"}],"wp:term":[{"taxonomy":"category","embeddable":true,"href":"https:\/\/diarioregionaldigital.com.br\/index.php?rest_route=%2Fwp%2Fv2%2Fcategories&post=170788"},{"taxonomy":"post_tag","embeddable":true,"href":"https:\/\/diarioregionaldigital.com.br\/index.php?rest_route=%2Fwp%2Fv2%2Ftags&post=170788"}],"curies":[{"name":"wp","href":"https:\/\/api.w.org\/{rel}","templated":true}]}}