{"id":170722,"date":"2020-10-09T15:20:39","date_gmt":"2020-10-09T18:20:39","guid":{"rendered":"https:\/\/diarioregionaldigital.com.br\/?p=170722"},"modified":"2020-10-09T15:20:39","modified_gmt":"2020-10-09T18:20:39","slug":"ufjf-entra-no-ranking-das-50-instituicoes-que-mais-depositam-patentes","status":"publish","type":"post","link":"https:\/\/diarioregionaldigital.com.br\/?p=170722","title":{"rendered":"UFJF entra no ranking das 50 institui\u00e7\u00f5es que mais depositam patentes"},"content":{"rendered":"<p><span style=\"font-weight: 400;\">A Universidade Federal de Juiz de Fora (UFJF) passou a integrar o ranking das 50 institui\u00e7\u00f5es que mais depositaram Patentes de Inven\u00e7\u00e3o (PI). A lista feita e divulgada pelo Instituto Nacional de Propriedade Industrial (INPI), tem como base o ano de 2019, e re\u00fane institui\u00e7\u00f5es de ensino superior (IES) e empresas no \u00e2mbito p\u00fablico e privado de todo o pa\u00eds. A conquista refor\u00e7a o compromisso institucional com a pesquisa e inova\u00e7\u00e3o.<\/span><\/p>\n<p><span style=\"font-weight: 400;\">Os dep\u00f3sitos de patentes s\u00e3o processos que deram entrada e est\u00e3o sob a avalia\u00e7\u00e3o do INPI, j\u00e1 as cartas de patentes dependem de toda a tramita\u00e7\u00e3o e deferimento do instituto. O reconhecimento alcan\u00e7ado \u00e9 resultado do planejamento estrat\u00e9gico e hist\u00f3rico da UFJF, por meio do Centro Regional de Inova\u00e7\u00e3o e Transfer\u00eancia de Tecnologia (Critt), que desde 1995 desenvolve trabalhos de prote\u00e7\u00e3o da propriedade intelectual. Neste processo, o N\u00facleo de Inova\u00e7\u00e3o Tecnol\u00f3gica (NIT) foi idealizado para fortalecer a cultura da inova\u00e7\u00e3o na institui\u00e7\u00e3o, um segmento pioneiro em Minas Gerais.<\/span><\/p>\n<p><span style=\"font-weight: 400;\">\u201cNos \u00faltimos anos temos intensificado os trabalhos que envolvem desde o contato inicial com o pesquisador, perpassando os trabalhos de busca de autoridade, reda\u00e7\u00e3o de patente, at\u00e9 o acompanhamento do nosso portf\u00f3lio de tecnologias. Importante destacar que a UFJF se mostrou atenta \u00e0 capacita\u00e7\u00e3o do corpo t\u00e9cnico de servidores atuantes no Critt, o que sem d\u00favidas faz a diferen\u00e7a quando lidamos com um assunto t\u00e3o peculiar\u201d, explica a gerente de Propriedade Intelectual e do N\u00facleo de Inova\u00e7\u00e3o Tecnol\u00f3gica da UFJF, Ana Carolina Viddon.<\/span><\/p>\n<p><span style=\"font-weight: 400;\">Atualmente, o NIT conta com 150 dep\u00f3sitos de patentes. Algumas \u00e1reas do conhecimento se destacaram com avan\u00e7os tecnol\u00f3gicos para alcan\u00e7ar esse n\u00famero, s\u00e3o elas: engenharias, f\u00edsica, qu\u00edmica, farm\u00e1cia, odontologia e biologia. O n\u00facleo tem como plano de a\u00e7\u00e3o fazer com que a\u00a0 tecnologia e a inova\u00e7\u00e3o percorram um caminho da academia at\u00e9 a ind\u00fastria; e, consequentemente, alcance a sociedade, melhorando a qualidade de vida da popula\u00e7\u00e3o. \u201cEstamos focados na sensibiliza\u00e7\u00e3o da comunidade acad\u00eamica quanto ao tema, bem como nas parcerias para o licenciamento das tecnologias da UFJF\u201d, complementa Ana Carolina.\u00a0<\/span><\/p>\n<p><span style=\"font-weight: 400;\">A Gerente de Propriedade Intelectual no per\u00edodo avaliado, Albertina Santos, destaca como um dos fatores que impulsionou o n\u00famero de registros da UFJF foi o trabalho de conscientiza\u00e7\u00e3o feito com os pesquisadores sobre a import\u00e2ncia de proteger seus inventos, sem preju\u00edzo do ensino e da pesquisa. Al\u00e9m do empenho e capacidade dos colaboradores do NIT. \u201cRealizamos esse trabalho internamente, enquanto outras universidades contratam escrit\u00f3rios externos. Foi com imensa alegria que recebi o resultado, por ter feito parte diretamente do processo e ter lutado muito para isto\u201d, completa Albertina.<\/span><\/p>\n<p><strong>Fonte:\u00a0<\/strong>Assessoria<\/p>\n","protected":false},"excerpt":{"rendered":"<p>A Universidade Federal de Juiz de Fora (UFJF) passou a integrar o ranking das 50 institui\u00e7\u00f5es que mais depositaram Patentes de Inven\u00e7\u00e3o (PI). A lista feita e divulgada pelo Instituto Nacional de Propriedade Industrial (INPI), tem como base o ano de 2019, e re\u00fane institui\u00e7\u00f5es de ensino superior (IES) e empresas no \u00e2mbito p\u00fablico e [&hellip;]<\/p>\n","protected":false},"author":96,"featured_media":170723,"comment_status":"closed","ping_status":"closed","sticky":false,"template":"","format":"standard","meta":{"footnotes":""},"categories":[253,436,439],"tags":[],"class_list":["post-170722","post","type-post","status-publish","format-standard","has-post-thumbnail","hentry","category-cidade","category-destaque-da-semana","category-ultima-hora"],"_links":{"self":[{"href":"https:\/\/diarioregionaldigital.com.br\/index.php?rest_route=\/wp\/v2\/posts\/170722","targetHints":{"allow":["GET"]}}],"collection":[{"href":"https:\/\/diarioregionaldigital.com.br\/index.php?rest_route=\/wp\/v2\/posts"}],"about":[{"href":"https:\/\/diarioregionaldigital.com.br\/index.php?rest_route=\/wp\/v2\/types\/post"}],"author":[{"embeddable":true,"href":"https:\/\/diarioregionaldigital.com.br\/index.php?rest_route=\/wp\/v2\/users\/96"}],"replies":[{"embeddable":true,"href":"https:\/\/diarioregionaldigital.com.br\/index.php?rest_route=%2Fwp%2Fv2%2Fcomments&post=170722"}],"version-history":[{"count":0,"href":"https:\/\/diarioregionaldigital.com.br\/index.php?rest_route=\/wp\/v2\/posts\/170722\/revisions"}],"wp:featuredmedia":[{"embeddable":true,"href":"https:\/\/diarioregionaldigital.com.br\/index.php?rest_route=\/wp\/v2\/media\/170723"}],"wp:attachment":[{"href":"https:\/\/diarioregionaldigital.com.br\/index.php?rest_route=%2Fwp%2Fv2%2Fmedia&parent=170722"}],"wp:term":[{"taxonomy":"category","embeddable":true,"href":"https:\/\/diarioregionaldigital.com.br\/index.php?rest_route=%2Fwp%2Fv2%2Fcategories&post=170722"},{"taxonomy":"post_tag","embeddable":true,"href":"https:\/\/diarioregionaldigital.com.br\/index.php?rest_route=%2Fwp%2Fv2%2Ftags&post=170722"}],"curies":[{"name":"wp","href":"https:\/\/api.w.org\/{rel}","templated":true}]}}