{"id":170707,"date":"2020-10-09T13:50:59","date_gmt":"2020-10-09T16:50:59","guid":{"rendered":"https:\/\/diarioregionaldigital.com.br\/?p=170707"},"modified":"2020-10-09T13:50:59","modified_gmt":"2020-10-09T16:50:59","slug":"comite-covid-19-decide-manter-juiz-de-fora-na-onda-amarela","status":"publish","type":"post","link":"https:\/\/diarioregionaldigital.com.br\/?p=170707","title":{"rendered":"Comit\u00ea Covid-19 decide manter Juiz de Fora na &#8216;Onda Amarela&#8217;"},"content":{"rendered":"<p><span style=\"font-weight: 400;\">Em reuni\u00e3o realizada na noite de quinta-feira (8), o Comit\u00ea Municipal de Enfrentamento e Preven\u00e7\u00e3o \u00e0 Covid-19, decidiu pela perman\u00eancia de Juiz de Fora na \u2018Onda Amarela\u2019 do Programa Minas Consciente. O alto \u00edndice do aumento de \u00f3bitos por Coronav\u00edrus, \u00e9 o fator que determinou o n\u00e3o avan\u00e7o para a chamada \u2018Onda Verde\u2019, cuja fase apresenta medidas menos restritivas.\u00a0<\/span><\/p>\n<p><span style=\"font-weight: 400;\">De acordo com os dados apresentados pela Prefeitura de Juiz de Fora (PJF), a taxa de \u00f3bitos aumentou para 36,5 para cada 100 mil habitantes do munic\u00edpio. Diante disso, o n\u00famero \u00e9 maior que a do Estado. J\u00e1 na quest\u00e3o dos casos confirmados, o \u00edndice da m\u00e9dia m\u00f3vel de pessoas infectadas, caiu de 47 para 36.<\/span><\/p>\n<p><span style=\"font-weight: 400;\">Outro tema discutido no encontro, foi sobre o hor\u00e1rio de funcionamento dos shoppings. Conforme o Governo do Estado de Minas Gerais, os estabelecimentos tiveram seus hor\u00e1rios estendidos. Entretanto, o Comit\u00ea optou por manter a medida atual, das 12h \u00e0s 20h. O assunto deve voltar a ser discutido em nova reuni\u00e3o, a ser realizada na pr\u00f3xima semana.<\/span><\/p>\n<p><b>Academias<\/b><\/p>\n<p><span style=\"font-weight: 400;\">Sobre a quest\u00e3o das academias de gin\u00e1sticas, a equipe acatou a nova mudan\u00e7a no protocolo do Minas Consciente, o qual permite presen\u00e7a de pessoas que fazem parte de grupos de risco da Covid-19. Mesmo assim, a pessoa dever\u00e1 assinar um termo de compromisso assumindo a exposi\u00e7\u00e3o ao riscos do Coronav\u00edrus.<\/span><\/p>\n<p><b>Utiliza\u00e7\u00e3o de quadras<\/b><\/p>\n<p><span style=\"font-weight: 400;\">O Sindicato de Clubes Culturais Recreativos Esportivos e Sociais do de Minas Gerais (Sindclubes-MG), enviou um pedido ao Comit\u00ea, solicitando a possibilidade de utiliza\u00e7\u00e3o das quadras nos clubes do munic\u00edpio. Entretanto, por conta do atual cen\u00e1rio da pandemia, o requerimento do Sindicato n\u00e3o foi aprovado.<\/span><\/p>\n","protected":false},"excerpt":{"rendered":"<p>Em reuni\u00e3o realizada na noite de quinta-feira (8), o Comit\u00ea Municipal de Enfrentamento e Preven\u00e7\u00e3o \u00e0 Covid-19, decidiu pela perman\u00eancia de Juiz de Fora na \u2018Onda Amarela\u2019 do Programa Minas Consciente. O alto \u00edndice do aumento de \u00f3bitos por Coronav\u00edrus, \u00e9 o fator que determinou o n\u00e3o avan\u00e7o para a chamada \u2018Onda Verde\u2019, cuja fase [&hellip;]<\/p>\n","protected":false},"author":96,"featured_media":170708,"comment_status":"closed","ping_status":"closed","sticky":false,"template":"","format":"standard","meta":{"footnotes":""},"categories":[253,436,440,439],"tags":[],"class_list":["post-170707","post","type-post","status-publish","format-standard","has-post-thumbnail","hentry","category-cidade","category-destaque-da-semana","category-destaques-do-dia","category-ultima-hora"],"_links":{"self":[{"href":"https:\/\/diarioregionaldigital.com.br\/index.php?rest_route=\/wp\/v2\/posts\/170707","targetHints":{"allow":["GET"]}}],"collection":[{"href":"https:\/\/diarioregionaldigital.com.br\/index.php?rest_route=\/wp\/v2\/posts"}],"about":[{"href":"https:\/\/diarioregionaldigital.com.br\/index.php?rest_route=\/wp\/v2\/types\/post"}],"author":[{"embeddable":true,"href":"https:\/\/diarioregionaldigital.com.br\/index.php?rest_route=\/wp\/v2\/users\/96"}],"replies":[{"embeddable":true,"href":"https:\/\/diarioregionaldigital.com.br\/index.php?rest_route=%2Fwp%2Fv2%2Fcomments&post=170707"}],"version-history":[{"count":0,"href":"https:\/\/diarioregionaldigital.com.br\/index.php?rest_route=\/wp\/v2\/posts\/170707\/revisions"}],"wp:featuredmedia":[{"embeddable":true,"href":"https:\/\/diarioregionaldigital.com.br\/index.php?rest_route=\/wp\/v2\/media\/170708"}],"wp:attachment":[{"href":"https:\/\/diarioregionaldigital.com.br\/index.php?rest_route=%2Fwp%2Fv2%2Fmedia&parent=170707"}],"wp:term":[{"taxonomy":"category","embeddable":true,"href":"https:\/\/diarioregionaldigital.com.br\/index.php?rest_route=%2Fwp%2Fv2%2Fcategories&post=170707"},{"taxonomy":"post_tag","embeddable":true,"href":"https:\/\/diarioregionaldigital.com.br\/index.php?rest_route=%2Fwp%2Fv2%2Ftags&post=170707"}],"curies":[{"name":"wp","href":"https:\/\/api.w.org\/{rel}","templated":true}]}}