{"id":170698,"date":"2020-10-09T10:44:49","date_gmt":"2020-10-09T13:44:49","guid":{"rendered":"https:\/\/diarioregionaldigital.com.br\/?p=170698"},"modified":"2020-10-09T10:44:49","modified_gmt":"2020-10-09T13:44:49","slug":"estado-acumula-cerca-de-8-mil-obitos-decorrentes-do-coronavirus","status":"publish","type":"post","link":"https:\/\/diarioregionaldigital.com.br\/?p=170698","title":{"rendered":"Estado acumula cerca de 8 mil \u00f3bitos decorrentes do Coronav\u00edrus"},"content":{"rendered":"<p>O novo\u00a0<a href=\"https:\/\/www.saude.mg.gov.br\/images\/1_noticias\/10_2020\/2_out-nov-dez\/09-10_Boletim-Epidemiologico_COVID-19.pdf\">boletim epidemiol\u00f3gico<\/a> divulgado nesta sexta-feira (9) pela Secretaria de Estado da Sa\u00fade de Minas Gerais (SES-MG), informa que nas \u00faltimas 24h, o estado registrou 95 mortes por Covid-19, totalizando 7.992 \u00f3bitos. Os dados indicam que 4.545 v\u00edtimas s\u00e3o do sexo masculino e 3.447 s\u00e3o do feminino. Conforme o levantamento, houve aumento de mais 3.049 novos casos, acumulando 318.090 pessoas infectadas. Al\u00e9m disso, 283.568 pacientes est\u00e3o recuperados da doen\u00e7a, representando 89,1% dos casos e 26.530 fazem acompanhamento m\u00e9dico.<\/p>\n<p>Conforme a SES-MG, foram feitos 152.466 testes laboratoriais, sendo que 39.644 deram positivo, 108.578 deram negativo e 1.279 est\u00e3o sob an\u00e1lise. Quanto aos dados de hospitaliza\u00e7\u00e3o, 31.051 pessoas est\u00e3o internadas e 287.039 est\u00e3o em isolamento domiciliar.<\/p>\n","protected":false},"excerpt":{"rendered":"<p>O novo\u00a0boletim epidemiol\u00f3gico divulgado nesta sexta-feira (9) pela Secretaria de Estado da Sa\u00fade de Minas Gerais (SES-MG), informa que nas \u00faltimas 24h, o estado registrou 95 mortes por Covid-19, totalizando 7.992 \u00f3bitos. Os dados indicam que 4.545 v\u00edtimas s\u00e3o do sexo masculino e 3.447 s\u00e3o do feminino. Conforme o levantamento, houve aumento de mais 3.049 [&hellip;]<\/p>\n","protected":false},"author":96,"featured_media":160492,"comment_status":"closed","ping_status":"closed","sticky":false,"template":"","format":"standard","meta":{"footnotes":""},"categories":[436,440,252,439],"tags":[],"class_list":["post-170698","post","type-post","status-publish","format-standard","has-post-thumbnail","hentry","category-destaque-da-semana","category-destaques-do-dia","category-regiao","category-ultima-hora"],"_links":{"self":[{"href":"https:\/\/diarioregionaldigital.com.br\/index.php?rest_route=\/wp\/v2\/posts\/170698","targetHints":{"allow":["GET"]}}],"collection":[{"href":"https:\/\/diarioregionaldigital.com.br\/index.php?rest_route=\/wp\/v2\/posts"}],"about":[{"href":"https:\/\/diarioregionaldigital.com.br\/index.php?rest_route=\/wp\/v2\/types\/post"}],"author":[{"embeddable":true,"href":"https:\/\/diarioregionaldigital.com.br\/index.php?rest_route=\/wp\/v2\/users\/96"}],"replies":[{"embeddable":true,"href":"https:\/\/diarioregionaldigital.com.br\/index.php?rest_route=%2Fwp%2Fv2%2Fcomments&post=170698"}],"version-history":[{"count":0,"href":"https:\/\/diarioregionaldigital.com.br\/index.php?rest_route=\/wp\/v2\/posts\/170698\/revisions"}],"wp:featuredmedia":[{"embeddable":true,"href":"https:\/\/diarioregionaldigital.com.br\/index.php?rest_route=\/wp\/v2\/media\/160492"}],"wp:attachment":[{"href":"https:\/\/diarioregionaldigital.com.br\/index.php?rest_route=%2Fwp%2Fv2%2Fmedia&parent=170698"}],"wp:term":[{"taxonomy":"category","embeddable":true,"href":"https:\/\/diarioregionaldigital.com.br\/index.php?rest_route=%2Fwp%2Fv2%2Fcategories&post=170698"},{"taxonomy":"post_tag","embeddable":true,"href":"https:\/\/diarioregionaldigital.com.br\/index.php?rest_route=%2Fwp%2Fv2%2Ftags&post=170698"}],"curies":[{"name":"wp","href":"https:\/\/api.w.org\/{rel}","templated":true}]}}