{"id":170693,"date":"2020-10-09T09:42:39","date_gmt":"2020-10-09T12:42:39","guid":{"rendered":"https:\/\/diarioregionaldigital.com.br\/?p=170693"},"modified":"2020-10-09T09:42:39","modified_gmt":"2020-10-09T12:42:39","slug":"covid-19-numero-de-casos-estabiliza-e-mortes-caem-6-na-semana","status":"publish","type":"post","link":"https:\/\/diarioregionaldigital.com.br\/?p=170693","title":{"rendered":"Covid-19: n\u00famero de casos estabiliza e mortes caem 6% na semana"},"content":{"rendered":"<p>O n\u00famero de casos de covid-19 ficaram estabilizados na \u00faltima semana epidemiol\u00f3gica (40) em compara\u00e7\u00e3o com a anterior (39), com oscila\u00e7\u00e3o de 0,5%. J\u00e1 as mortes em fun\u00e7\u00e3o da pandemia ca\u00edram 6% no mesmo per\u00edodo, considerado por especialistas como uma estabilidade na evolu\u00e7\u00e3o da curva.<img decoding=\"async\" src=\"https:\/\/agenciabrasil.ebc.com.br\/ebc.png?id=1390193&amp;o=node\" \/><img decoding=\"async\" src=\"https:\/\/agenciabrasil.ebc.com.br\/ebc.gif?id=1390193&amp;o=node\" \/><\/p>\n<p>Os dados est\u00e3o no Boletim Epidemiol\u00f3gico da Covid-19, divulgado pelo Minist\u00e9rio da Sa\u00fade nesta\u00a0quinta-feira (8). O documento avalia a evolu\u00e7\u00e3o da pandemia no Brasil e traz dados nacionais e regionais do fen\u00f4meno. Ele considerou a semana epidemiol\u00f3gica 40, de\u00a027 de setembro\u00a0a\u00a03 de outubro. O termo \u00e9 empregado para designar per\u00edodos utilizados por autoridades de sa\u00fade.<\/p>\n<p>A semana epidemiol\u00f3gica 40 teve 188.842 novos casos, contra 189.751 na semana epidemiol\u00f3gica 39. A m\u00e9dia di\u00e1ria caiu para 26.977. Na evolu\u00e7\u00e3o da curva, \u00e9 poss\u00edvel perceber uma tend\u00eancia de queda, mas com oscila\u00e7\u00f5es para cima e momentos de estabiliza\u00e7\u00e3o, como nessa \u00faltima semana.<\/p>\n<p>J\u00e1 o n\u00famero de casos caiu, mas dentro da margem de estabilidade. Na semana epidemiol\u00f3gica 40 foram registrados 4.581 novos \u00f3bitos, enquanto na semana anterior haviam sido notificados 4.874 mortes por covid-19. A m\u00e9dia di\u00e1ria ficou em 654. Na an\u00e1lise da curva, a tend\u00eancia de queda aparece de modo mais claro desde a semana epidemiol\u00f3gica 30, ap\u00f3s dois meses de plat\u00f4.<\/p>\n<p>Em rela\u00e7\u00e3o aos casos, seis estados tiveram aumento no per\u00edodo analisado, sendo os maiores no Rio Grande do Sul (59%) e Rio\u00a0de Janeiro\u00a0(42%). Mais nove unidades da Federa\u00e7\u00e3o ficaram est\u00e1veis e 12 apresentaram redu\u00e7\u00e3o de diagn\u00f3sticos entre as duas semanas epidemiol\u00f3gicas, com as maiores quedas em Rond\u00f4nia (-26%) e Mato Grosso (-21%).<\/p>\n<p>Quando consideradas as mortes, oito unidades da Federa\u00e7\u00e3o tiveram eleva\u00e7\u00e3o, tendo os maiores resultados no Amazonas (123%) e Acre (38%). Oito locais ficaram estabilizados e mais 11 apresentaram diminui\u00e7\u00e3o, sendo as mais acentuadas na Para\u00edba (-38%) e no Par\u00e1 (-29).<\/p>\n<p>A distribui\u00e7\u00e3o geogr\u00e1fica apresentou uma revers\u00e3o do processo de interioriza\u00e7\u00e3o. A propor\u00e7\u00e3o de casos em localidades do interior caiu de 63% para 59% entre as semanas epidemiol\u00f3gicas 39 e 40, enquanto aqueles notificados em regi\u00f5es metropolitanas subiram de 37% para 41%. Quando consideradas as mortes, as duas modalidades de cidades est\u00e3o empatadas, com metade dos \u00f3bitos cada uma.<\/p>\n<h2>SRAG<\/h2>\n<p>O Boletim Epidemiol\u00f3gico tamb\u00e9m traz dados sobre ocorr\u00eancias de S\u00edndrome Aguda Respirat\u00f3ria Grave (SRAG). Desde o in\u00edcio da contagem, no come\u00e7o do ano, at\u00e9 agora, foram registrados 418.070 casos de interna\u00e7\u00e3o por SRAG com covid-19. Mais 82.497 ainda est\u00e3o em investiga\u00e7\u00e3o.<\/p>\n<p>Em rela\u00e7\u00e3o ao perfil, a faixa et\u00e1ria com mais situa\u00e7\u00f5es deste tipo \u00e9 a de 60 a 69 anos (85,8 mil), seguida por 50 a 59 (76,6 mil) e 80 a 89 (72,9 mil). Na divis\u00e3o por g\u00eanero, 235,5 mil eram homens e 182,4 mil, mulheres. Na ocorr\u00eancia por cor e ra\u00e7a, 144,1 mil eram brancos, 140,9 mil eram pardos, 20 mil eram pretos, 4,5 mil eram amarelos, 1,4 mil eram ind\u00edgenas, em 73,7 mil casos a caracter\u00edstica foi ignorada e em 33,2 mil n\u00e3o havia informa\u00e7\u00e3o.<\/p>\n<h2>Testes<\/h2>\n<p>Desde o in\u00edcio da pandemia, foram distribu\u00eddas 7,5 milh\u00f5es de rea\u00e7\u00f5es de testes laboratoriais RT-PCR. Os estados que mais receberam foram Rio\u00a0de Janeiro\u00a0(1,2 bilh\u00e3o), S\u00e3o Paulo (1,18 bilh\u00e3o) e Paran\u00e1 (984 milh\u00f5es). No mesmo per\u00edodo, foram realizados 4,1 milh\u00f5es de exames em todo o pa\u00eds.<\/p>\n<p>De acordo com o Boletim Epidemiol\u00f3gico, o n\u00famero de testes solicitados por semana epidemiol\u00f3gica vem caindo desde a semana epidemiol\u00f3gica 35, com uma oscila\u00e7\u00e3o para cima na semana epidemiol\u00f3gica 37. Na \u00faltima semana foram solicitados 228.812 exames, contra 239.041 na semana epidemiol\u00f3gica anterior. O documento pondera que os dados est\u00e3o sujeitos a altera\u00e7\u00f5es.<\/p>\n<p><strong>Fonte:\u00a0<\/strong>Ag\u00eancia Brasil<\/p>\n","protected":false},"excerpt":{"rendered":"<p>O n\u00famero de casos de covid-19 ficaram estabilizados na \u00faltima semana epidemiol\u00f3gica (40) em compara\u00e7\u00e3o com a anterior (39), com oscila\u00e7\u00e3o de 0,5%. J\u00e1 as mortes em fun\u00e7\u00e3o da pandemia ca\u00edram 6% no mesmo per\u00edodo, considerado por especialistas como uma estabilidade na evolu\u00e7\u00e3o da curva. Os dados est\u00e3o no Boletim Epidemiol\u00f3gico da Covid-19, divulgado pelo [&hellip;]<\/p>\n","protected":false},"author":96,"featured_media":159382,"comment_status":"closed","ping_status":"closed","sticky":false,"template":"","format":"standard","meta":{"footnotes":""},"categories":[302,436,439],"tags":[],"class_list":["post-170693","post","type-post","status-publish","format-standard","has-post-thumbnail","hentry","category-brasil-mundo","category-destaque-da-semana","category-ultima-hora"],"_links":{"self":[{"href":"https:\/\/diarioregionaldigital.com.br\/index.php?rest_route=\/wp\/v2\/posts\/170693","targetHints":{"allow":["GET"]}}],"collection":[{"href":"https:\/\/diarioregionaldigital.com.br\/index.php?rest_route=\/wp\/v2\/posts"}],"about":[{"href":"https:\/\/diarioregionaldigital.com.br\/index.php?rest_route=\/wp\/v2\/types\/post"}],"author":[{"embeddable":true,"href":"https:\/\/diarioregionaldigital.com.br\/index.php?rest_route=\/wp\/v2\/users\/96"}],"replies":[{"embeddable":true,"href":"https:\/\/diarioregionaldigital.com.br\/index.php?rest_route=%2Fwp%2Fv2%2Fcomments&post=170693"}],"version-history":[{"count":0,"href":"https:\/\/diarioregionaldigital.com.br\/index.php?rest_route=\/wp\/v2\/posts\/170693\/revisions"}],"wp:featuredmedia":[{"embeddable":true,"href":"https:\/\/diarioregionaldigital.com.br\/index.php?rest_route=\/wp\/v2\/media\/159382"}],"wp:attachment":[{"href":"https:\/\/diarioregionaldigital.com.br\/index.php?rest_route=%2Fwp%2Fv2%2Fmedia&parent=170693"}],"wp:term":[{"taxonomy":"category","embeddable":true,"href":"https:\/\/diarioregionaldigital.com.br\/index.php?rest_route=%2Fwp%2Fv2%2Fcategories&post=170693"},{"taxonomy":"post_tag","embeddable":true,"href":"https:\/\/diarioregionaldigital.com.br\/index.php?rest_route=%2Fwp%2Fv2%2Ftags&post=170693"}],"curies":[{"name":"wp","href":"https:\/\/api.w.org\/{rel}","templated":true}]}}