{"id":170684,"date":"2020-10-09T09:30:15","date_gmt":"2020-10-09T12:30:15","guid":{"rendered":"https:\/\/diarioregionaldigital.com.br\/?p=170684"},"modified":"2020-10-09T09:30:15","modified_gmt":"2020-10-09T12:30:15","slug":"covid-19-brasil-negocia-com-nove-laboratorios-sobre-possiveis-vacinas","status":"publish","type":"post","link":"https:\/\/diarioregionaldigital.com.br\/?p=170684","title":{"rendered":"Covid-19: Brasil negocia com nove laborat\u00f3rios sobre poss\u00edveis vacinas"},"content":{"rendered":"<p>O Brasil mant\u00e9m tratativas com nove laborat\u00f3rios ou centros de pesquisa atuando em estudos e no desenvolvimento de vacinas contra a covid-19. Com os respons\u00e1veis pelas vacinas Oxford e Astrazeneca e do cons\u00f3rcio da OMS Covax Facility, j\u00e1 foram celebrados acordos para a aquisi\u00e7\u00e3o de 140 milh\u00f5es de doses no primeiro semestre de 2021, que ser\u00e3o disponibilizadas pelo Programa Nacional de Imuniza\u00e7\u00e3o.<\/p>\n<p>O balan\u00e7o foi apresentado hoje (8), em entrevista coletiva do Minist\u00e9rio da Sa\u00fade. As nove iniciativas de pesquisa s\u00e3o: Oxford\/Astrazeneca (Reino Unido), Sinovac\/Butantan (China), Pfizer (Estados Unidos e Alemanha), Sinopharm (China), Sputinik5 (R\u00fassia), Covaxx e Novavax (Estados Unidos), Janssen (B\u00e9lgica) e Merck (Estados Unidos, Fran\u00e7a e \u00c1ustria).<\/p>\n<p>No caso da vacina de Oxford, a Funda\u00e7\u00e3o Oswaldo Cruz (Fiocruz), respons\u00e1vel por sua fabrica\u00e7\u00e3o no Brasil a partir da transfer\u00eancia de tecnologia do laborat\u00f3rio Astrazeneca, deu entrada no processo de submiss\u00e3o cont\u00ednua na Ag\u00eancia Nacional de Vigil\u00e2ncia Sanit\u00e1ria (Anvisa). Este \u00e9 o momento em que os proponentes de uma vacina come\u00e7am a fornecer informa\u00e7\u00f5es e abrem o processo de an\u00e1lise pela Anvisa.<\/p>\n<p>De acordo com a presidente da Fiocruz, N\u00edsia Trindade, h\u00e1 perspectiva de resultados dos estudos da Fase 3 em novembro ou dezembro. Esta \u00e9 a etapa em que a subst\u00e2ncia \u00e9 analisada em sua aplica\u00e7\u00e3o em humanos. Os testes est\u00e3o a cargo da Universidade Federal de S\u00e3o Paulo (USP).<\/p>\n<p>Pelo acordo firmado, a Fiocruz vai receber o ingrediente farmac\u00eautico ativo e deve terminar a primeira entrega de 30 milh\u00f5es de doses at\u00e9 janeiro de 2021. Para o primeiro semestre do pr\u00f3ximo ano, mais 100 milh\u00f5es de doses. O intuito \u00e9 ter no segundo semestre entre 100 e 165 milh\u00f5es, totalizando entre 200 e 265 milh\u00f5es no ano que vem. \u201cIsso depende da complexidade do processo de incorpora\u00e7\u00e3o de tecnologia\u201d, justificou N\u00edsia Trindade.<\/p>\n<h2><strong>Covax facility<\/strong><\/h2>\n<p>Outra frente de atua\u00e7\u00e3o do governo brasileiro est\u00e1 no cons\u00f3rcio de pa\u00edses organizado pela OMS Covax facility. O secret\u00e1rio executivo do Minist\u00e9rio da Sa\u00fade, \u00c9lcio Franco, informou que o Brasil pagou na quarta-feira a primeira parcela. Com isso, o pa\u00eds passa a ter direito a resultados positivos das pesquisas e de eventuais vacinas desenvolvidas no \u00e2mbito do projeto.<\/p>\n<p>O pa\u00eds j\u00e1 assegurou 40 milh\u00f5es de doses para o primeiro semestre de 2021. Como a aplica\u00e7\u00e3o pode demandar duas doses por pessoa, Franco estimou que o produto beneficie 20 milh\u00f5es de pessoas, cerca de 10% da popula\u00e7\u00e3o.<\/p>\n<p>Foram escolhidos como p\u00fablico-alvo dessa vacina profissionais de sa\u00fade e pessoas que est\u00e3o no chamado grupo de risco, que abrange idosos (60 anos ou mais) ou que apresentem condi\u00e7\u00f5es m\u00e9dicas que as tornam mais vulner\u00e1veis \u00e0 covid-19.<\/p>\n<p>\u201cJ\u00e1 temos garantido para o primeiro semestre de 2021 o acesso a 140 milh\u00f5es de doses para aderir ao nosso Programa Nacional de Imuniza\u00e7\u00e3o\u201d, afirmou o secret\u00e1rio executivo do Minist\u00e9rio da Sa\u00fade.<\/p>\n<h2><strong>Programa de vacina\u00e7\u00e3o<\/strong><\/h2>\n<p>Caso alguma das vacinas tenha \u00eaxito nas an\u00e1lises, a aplica\u00e7\u00e3o na popula\u00e7\u00e3o, ou nos segmentos selecionados, ocorrer\u00e1 pelo Programa Nacional de Imuniza\u00e7\u00e3o.<\/p>\n<p>A participa\u00e7\u00e3o exigir\u00e1 a oferta do CPF, como foi explicado pelo diretor do Departamento de Inform\u00e1tica do Sistema \u00danico de Sa\u00fade (SUS), Jacson Ven\u00e2ncio de Barros. \u201cO registro vai permitir o monitoramento constante de eventos adversos. Podemos ter uma, duas tr\u00eas, vacinas. E quando tivermos 3, 4, 10? Se n\u00e3o tivermos controle, ele vai tomar uma vacina A e B. A identifica\u00e7\u00e3o un\u00edvoca vai permitir que a gente tenha a carteira nacional digital de vacina\u00e7\u00e3o\u201d, justificou.<\/p>\n<p><strong>Fonte:\u00a0<\/strong>Ag\u00eancia Brasil<\/p>\n","protected":false},"excerpt":{"rendered":"<p>O Brasil mant\u00e9m tratativas com nove laborat\u00f3rios ou centros de pesquisa atuando em estudos e no desenvolvimento de vacinas contra a covid-19. Com os respons\u00e1veis pelas vacinas Oxford e Astrazeneca e do cons\u00f3rcio da OMS Covax Facility, j\u00e1 foram celebrados acordos para a aquisi\u00e7\u00e3o de 140 milh\u00f5es de doses no primeiro semestre de 2021, que [&hellip;]<\/p>\n","protected":false},"author":96,"featured_media":170685,"comment_status":"closed","ping_status":"closed","sticky":false,"template":"","format":"standard","meta":{"footnotes":""},"categories":[302,436,440,439],"tags":[],"class_list":["post-170684","post","type-post","status-publish","format-standard","has-post-thumbnail","hentry","category-brasil-mundo","category-destaque-da-semana","category-destaques-do-dia","category-ultima-hora"],"_links":{"self":[{"href":"https:\/\/diarioregionaldigital.com.br\/index.php?rest_route=\/wp\/v2\/posts\/170684","targetHints":{"allow":["GET"]}}],"collection":[{"href":"https:\/\/diarioregionaldigital.com.br\/index.php?rest_route=\/wp\/v2\/posts"}],"about":[{"href":"https:\/\/diarioregionaldigital.com.br\/index.php?rest_route=\/wp\/v2\/types\/post"}],"author":[{"embeddable":true,"href":"https:\/\/diarioregionaldigital.com.br\/index.php?rest_route=\/wp\/v2\/users\/96"}],"replies":[{"embeddable":true,"href":"https:\/\/diarioregionaldigital.com.br\/index.php?rest_route=%2Fwp%2Fv2%2Fcomments&post=170684"}],"version-history":[{"count":0,"href":"https:\/\/diarioregionaldigital.com.br\/index.php?rest_route=\/wp\/v2\/posts\/170684\/revisions"}],"wp:featuredmedia":[{"embeddable":true,"href":"https:\/\/diarioregionaldigital.com.br\/index.php?rest_route=\/wp\/v2\/media\/170685"}],"wp:attachment":[{"href":"https:\/\/diarioregionaldigital.com.br\/index.php?rest_route=%2Fwp%2Fv2%2Fmedia&parent=170684"}],"wp:term":[{"taxonomy":"category","embeddable":true,"href":"https:\/\/diarioregionaldigital.com.br\/index.php?rest_route=%2Fwp%2Fv2%2Fcategories&post=170684"},{"taxonomy":"post_tag","embeddable":true,"href":"https:\/\/diarioregionaldigital.com.br\/index.php?rest_route=%2Fwp%2Fv2%2Ftags&post=170684"}],"curies":[{"name":"wp","href":"https:\/\/api.w.org\/{rel}","templated":true}]}}