{"id":170656,"date":"2020-10-08T18:50:58","date_gmt":"2020-10-08T21:50:58","guid":{"rendered":"https:\/\/diarioregionaldigital.com.br\/?p=170656"},"modified":"2020-10-08T18:50:58","modified_gmt":"2020-10-08T21:50:58","slug":"autor-leva-quantia-de-r-30000-em-assalto-a-loja-de-doces","status":"publish","type":"post","link":"https:\/\/diarioregionaldigital.com.br\/?p=170656","title":{"rendered":"Autor leva quantia de R$ 300,00 em assalto a loja de doces"},"content":{"rendered":"<p>Na tarde de quarta-feira (7), uma loja de doces localizada na Rua Marechal Deodoro no Centro de Juiz de Fora, foi assaltada por um indiv\u00edduo aparentando ter meia-idade e o mesmo estava com posse de Prestobarba. A funcion\u00e1ria relatou \u00e0 Pol\u00edcia Militar (PM), que o rapaz encostou com o material cortante em seu pesco\u00e7o e anunciou o roubo. Logo em seguida, o mesmo levou a quantia de R$ 300,00 e fugiu do local, em dire\u00e7\u00e3o \u00e0 Avenida Rio Branco.<\/p>\n","protected":false},"excerpt":{"rendered":"<p>Na tarde de quarta-feira (7), uma loja de doces localizada na Rua Marechal Deodoro no Centro de Juiz de Fora, foi assaltada por um indiv\u00edduo aparentando ter meia-idade e o mesmo estava com posse de Prestobarba. A funcion\u00e1ria relatou \u00e0 Pol\u00edcia Militar (PM), que o rapaz encostou com o material cortante em seu pesco\u00e7o e [&hellip;]<\/p>\n","protected":false},"author":96,"featured_media":165308,"comment_status":"closed","ping_status":"closed","sticky":false,"template":"","format":"standard","meta":{"footnotes":""},"categories":[301,436,439],"tags":[],"class_list":["post-170656","post","type-post","status-publish","format-standard","has-post-thumbnail","hentry","category-artigos-policiais","category-destaque-da-semana","category-ultima-hora"],"_links":{"self":[{"href":"https:\/\/diarioregionaldigital.com.br\/index.php?rest_route=\/wp\/v2\/posts\/170656","targetHints":{"allow":["GET"]}}],"collection":[{"href":"https:\/\/diarioregionaldigital.com.br\/index.php?rest_route=\/wp\/v2\/posts"}],"about":[{"href":"https:\/\/diarioregionaldigital.com.br\/index.php?rest_route=\/wp\/v2\/types\/post"}],"author":[{"embeddable":true,"href":"https:\/\/diarioregionaldigital.com.br\/index.php?rest_route=\/wp\/v2\/users\/96"}],"replies":[{"embeddable":true,"href":"https:\/\/diarioregionaldigital.com.br\/index.php?rest_route=%2Fwp%2Fv2%2Fcomments&post=170656"}],"version-history":[{"count":0,"href":"https:\/\/diarioregionaldigital.com.br\/index.php?rest_route=\/wp\/v2\/posts\/170656\/revisions"}],"wp:featuredmedia":[{"embeddable":true,"href":"https:\/\/diarioregionaldigital.com.br\/index.php?rest_route=\/wp\/v2\/media\/165308"}],"wp:attachment":[{"href":"https:\/\/diarioregionaldigital.com.br\/index.php?rest_route=%2Fwp%2Fv2%2Fmedia&parent=170656"}],"wp:term":[{"taxonomy":"category","embeddable":true,"href":"https:\/\/diarioregionaldigital.com.br\/index.php?rest_route=%2Fwp%2Fv2%2Fcategories&post=170656"},{"taxonomy":"post_tag","embeddable":true,"href":"https:\/\/diarioregionaldigital.com.br\/index.php?rest_route=%2Fwp%2Fv2%2Ftags&post=170656"}],"curies":[{"name":"wp","href":"https:\/\/api.w.org\/{rel}","templated":true}]}}