{"id":170614,"date":"2020-10-08T15:53:31","date_gmt":"2020-10-08T18:53:31","guid":{"rendered":"https:\/\/diarioregionaldigital.com.br\/?p=170614"},"modified":"2020-10-08T15:53:31","modified_gmt":"2020-10-08T18:53:31","slug":"cob-elege-novos-integrantes-do-conselho-de-administracao-e-membro-independente-do-conselho-de-etica","status":"publish","type":"post","link":"https:\/\/diarioregionaldigital.com.br\/?p=170614","title":{"rendered":"COB elege novos integrantes do Conselho de Administra\u00e7\u00e3o e membro independente do Conselho de \u00c9tica"},"content":{"rendered":"<p><span style=\"font-weight: 400;\">A elei\u00e7\u00e3o do presidente e vice do Comit\u00ea Ol\u00edmpico do Brasil (COB) n\u00e3o foi o \u00fanico pleito realizado na quarta-feira (7), no Rio de Janeiro. A Assembleia Geral definiu tamb\u00e9m os oito integrantes do Conselho de Administra\u00e7\u00e3o da entidade e o novo membro independente do Conselho de \u00c9tica.<\/span><\/p>\n<p><span style=\"font-weight: 400;\">Foram eleitos para o Conselho de Administra\u00e7\u00e3o: Jose Luiz Vasconcellos (CBC), Karl Anders Ivar Pettersson (CBDN), Matheus Figueiredo (CBDG), Raphael Nishimura (ABEE), Alberto Cavalcanti Maciel Junior (CBTKD), Silvio Ac\u00e1cio Borges (CBJ) Ernesto Teixeira Pitanga (CBTri) e Ricardo Leyser Gon\u00e7alves, sendo este \u00faltimo membro independente, isto \u00e9, sem v\u00ednculo com as Confedera\u00e7\u00f5es Brasileiras Ol\u00edmpicas. J\u00e1 o novo integrante do Conselho de \u00c9tica ser\u00e1 Humberto Aparecido Panzetti, candidato \u00fanico na elei\u00e7\u00e3o.<\/span><\/p>\n<p><span style=\"font-weight: 400;\">\u201cEsta \u00e9 uma gest\u00e3o pautada no coletivo e nas melhores pr\u00e1ticas. A reforma estatut\u00e1ria promovida no COB, ainda em 2017, quando eu tinha apenas 42 dias como presidente da entidade, possibilitou que tiv\u00e9ssemos um Conselho de Administra\u00e7\u00e3o e um Conselho de \u00c9tica. Todos juntos vamos ajudar a construir um esporte forte, unido e vencedor. Afinal, \u00e9 justamente o esporte que nos ensina que ningu\u00e9m conquista nada sozinho\u201d, afirma Paulo Wanderley, rec\u00e9m-eleito presidente do COB at\u00e9 o fim de 2024.<\/span><\/p>\n<p><span style=\"font-weight: 400;\">Respons\u00e1vel pela defini\u00e7\u00e3o da estrat\u00e9gia e pelas boas pr\u00e1ticas de governan\u00e7a, o Conselho de Administra\u00e7\u00e3o ter\u00e1 13 membros a partir de 2021. Al\u00e9m dos oito integrantes rec\u00e9m-eleitos, comp\u00f5em o colegiado: o presidente do COB (Paulo Wanderley), o presidente e o vice da Comiss\u00e3o de Atletas do COB (atualmente o judoca Tiago Camilo e a pentatleta Yane Marques) e os dois membros brasileiros do Comit\u00ea Ol\u00edmpico Internacional (Andrew Parsons e Bernard Rajzman).<\/span><\/p>\n<p><span style=\"font-weight: 400;\">O estatuto do COB prev\u00ea que o Conselho oriente a administra\u00e7\u00e3o da entidade; apresente o or\u00e7amento, as demonstra\u00e7\u00f5es financeiras e o relat\u00f3rio anual de atividades \u00e0 Assembleia; produza e aprove regulamentos, al\u00e9m de propor reformas do estatuto; elabore o Plano Estrat\u00e9gico; conceda vincula\u00e7\u00e3o e reconhecimento \u00e0s entidades de administra\u00e7\u00e3o do esporte, assim como proponha a filia\u00e7\u00e3o de entidades \u00e0 Assembleia; e autorize a assinatura de contratos que excedam o valor de R$1milh\u00e3o.<\/span><\/p>\n<p><span style=\"font-weight: 400;\">J\u00e1 no Conselho de \u00c9tica, Humberto Aparecido Panzetti se juntar\u00e1 a Sami Arap (atual presidente), Caputo Bastos, Ney Bello e Bernardino Santi. O \u00f3rg\u00e3o est\u00e1 encarregado de definir os par\u00e2metros \u00e9ticos esperados pelo COB e seus agentes, com base nos valores e princ\u00edpios da Carta Ol\u00edmpica e do C\u00f3digo de \u00c9tica do COI, da administra\u00e7\u00e3o p\u00fablica e da gest\u00e3o democr\u00e1tica. Al\u00e9m disso, espera-se que o Conselho de \u00c9tica investigue e julgue den\u00fancias levantadas em rela\u00e7\u00e3o ao n\u00e3o cumprimento de tais princ\u00edpios. Se necess\u00e1rio, seus integrantes podem sancionar ou propor san\u00e7\u00f5es aos \u00f3rg\u00e3os competentes.<\/span><\/p>\n<p><span style=\"font-weight: 400;\">Confira abaixo os resultados finais das vota\u00e7\u00f5es:<\/span><\/p>\n<p><b>Conselho de Administra\u00e7\u00e3o: 7 vagas (Confedera\u00e7\u00f5es Brasileiras Ol\u00edmpicas)<\/b><\/p>\n<p><b><i>1) Jose Luiz Vasconcellos (CBC): 37 votos<\/i><\/b><\/p>\n<p><b><i>2) Karl Anders Ivar Pettersson (CBDN): 35<\/i><\/b><\/p>\n<p><b><i>3) Matheus Figueiredo (CBDE): 31<\/i><\/b><\/p>\n<p><b><i>4) Raphael Nishimura (ABEE): 30<\/i><\/b><\/p>\n<p><b><i>5) Alberto Cavalcanti Maciel Junior (CBTKD): 28<\/i><\/b><\/p>\n<p><b><i>6) Silvio Ac\u00e1cio Borges (CBJ): 27<\/i><\/b><\/p>\n<p><b><i>7) Ernesto Teixeira Pitanga (CBTri): 24<\/i><\/b><\/p>\n<p><i><span style=\"font-weight: 400;\">8) Enrique Montero Dias (CBLP): 21<\/span><\/i><\/p>\n<p><i><span style=\"font-weight: 400;\">9) Jo\u00e3o Tomasini Schwertner (CBCa): 21<\/span><\/i><\/p>\n<p><i><span style=\"font-weight: 400;\">10) Adalvo Argolo (CBSurf): 17<\/span><\/i><\/p>\n<p><i><span style=\"font-weight: 400;\">11) Luiz Fernando Coelho de Oliveira (CBDA): 15<\/span><\/i><\/p>\n<p><b>Conselho de Administra\u00e7\u00e3o: 1 vaga (membro independente)<\/b><\/p>\n<p><b><i>1) Ricardo Leyser Gon\u00e7alves: 20 votos<\/i><\/b><\/p>\n<p><i><span style=\"font-weight: 400;\">2) Georgios Stylianos Hatzidakis: 13<\/span><\/i><\/p>\n<p><i><span style=\"font-weight: 400;\">3) Marcus Vinicius Freire: 8<\/span><\/i><\/p>\n<p><i><span style=\"font-weight: 400;\">4) Rodney Rocha Miranda: 7<\/span><\/i><\/p>\n<p><i><span style=\"font-weight: 400;\">** Adriana Sanches dos Santos, Maria Pia Buchheim e Willian Miotto Nadir n\u00e3o foram votados<\/span><\/i><\/p>\n<p><b>Conselho de \u00c9tica: 1 vaga (membro independente)<\/b><\/p>\n<p><b><i>1) Humberto Aparecido Panzetti (candidato \u00fanico)<\/i><\/b><\/p>\n<p><strong>Fonte:<\/strong> COB<\/p>\n","protected":false},"excerpt":{"rendered":"<p>A elei\u00e7\u00e3o do presidente e vice do Comit\u00ea Ol\u00edmpico do Brasil (COB) n\u00e3o foi o \u00fanico pleito realizado na quarta-feira (7), no Rio de Janeiro. A Assembleia Geral definiu tamb\u00e9m os oito integrantes do Conselho de Administra\u00e7\u00e3o da entidade e o novo membro independente do Conselho de \u00c9tica. Foram eleitos para o Conselho de Administra\u00e7\u00e3o: [&hellip;]<\/p>\n","protected":false},"author":96,"featured_media":170615,"comment_status":"closed","ping_status":"closed","sticky":false,"template":"","format":"standard","meta":{"footnotes":""},"categories":[436,257,439],"tags":[],"class_list":["post-170614","post","type-post","status-publish","format-standard","has-post-thumbnail","hentry","category-destaque-da-semana","category-esporte","category-ultima-hora"],"_links":{"self":[{"href":"https:\/\/diarioregionaldigital.com.br\/index.php?rest_route=\/wp\/v2\/posts\/170614","targetHints":{"allow":["GET"]}}],"collection":[{"href":"https:\/\/diarioregionaldigital.com.br\/index.php?rest_route=\/wp\/v2\/posts"}],"about":[{"href":"https:\/\/diarioregionaldigital.com.br\/index.php?rest_route=\/wp\/v2\/types\/post"}],"author":[{"embeddable":true,"href":"https:\/\/diarioregionaldigital.com.br\/index.php?rest_route=\/wp\/v2\/users\/96"}],"replies":[{"embeddable":true,"href":"https:\/\/diarioregionaldigital.com.br\/index.php?rest_route=%2Fwp%2Fv2%2Fcomments&post=170614"}],"version-history":[{"count":0,"href":"https:\/\/diarioregionaldigital.com.br\/index.php?rest_route=\/wp\/v2\/posts\/170614\/revisions"}],"wp:featuredmedia":[{"embeddable":true,"href":"https:\/\/diarioregionaldigital.com.br\/index.php?rest_route=\/wp\/v2\/media\/170615"}],"wp:attachment":[{"href":"https:\/\/diarioregionaldigital.com.br\/index.php?rest_route=%2Fwp%2Fv2%2Fmedia&parent=170614"}],"wp:term":[{"taxonomy":"category","embeddable":true,"href":"https:\/\/diarioregionaldigital.com.br\/index.php?rest_route=%2Fwp%2Fv2%2Fcategories&post=170614"},{"taxonomy":"post_tag","embeddable":true,"href":"https:\/\/diarioregionaldigital.com.br\/index.php?rest_route=%2Fwp%2Fv2%2Ftags&post=170614"}],"curies":[{"name":"wp","href":"https:\/\/api.w.org\/{rel}","templated":true}]}}