{"id":170608,"date":"2020-10-08T15:21:31","date_gmt":"2020-10-08T18:21:31","guid":{"rendered":"https:\/\/diarioregionaldigital.com.br\/?p=170608"},"modified":"2020-10-08T15:21:31","modified_gmt":"2020-10-08T18:21:31","slug":"viatura-do-corpo-de-bombeiros-e-atingida-por-caminhonete","status":"publish","type":"post","link":"https:\/\/diarioregionaldigital.com.br\/?p=170608","title":{"rendered":"Viatura do Corpo de Bombeiros \u00e9 atingida por caminhonete"},"content":{"rendered":"<p>Na madrugada desta quinta-feira (8), cerca de 1h00, uma viatura da Unidade de Resgate do Corpo de Bombeiros, retornava de uma ocorr\u00eancia, quando em um determinado momento foi atingida por uma caminhonete, na ponte da Avenida Brasil.<\/p>\n<p><span style=\"font-weight: 400;\">A viatura era composta por guarni\u00e7\u00e3o mista, um bombeiro militar e dois socorristas do SAMU. Todos foram levados ao recurso hospitalar com escoria\u00e7\u00f5es e dores no corpo, mas passam bem. J\u00e1 o motorista da caminhonete recusou atendimento pela equipe de resgate. As pol\u00edcias Civil e Militar tamb\u00e9m estiveram no local.<\/span><\/p>\n","protected":false},"excerpt":{"rendered":"<p>Na madrugada desta quinta-feira (8), cerca de 1h00, uma viatura da Unidade de Resgate do Corpo de Bombeiros, retornava de uma ocorr\u00eancia, quando em um determinado momento foi atingida por uma caminhonete, na ponte da Avenida Brasil. A viatura era composta por guarni\u00e7\u00e3o mista, um bombeiro militar e dois socorristas do SAMU. Todos foram levados [&hellip;]<\/p>\n","protected":false},"author":96,"featured_media":170609,"comment_status":"closed","ping_status":"closed","sticky":false,"template":"","format":"standard","meta":{"footnotes":""},"categories":[253,436,439],"tags":[],"class_list":["post-170608","post","type-post","status-publish","format-standard","has-post-thumbnail","hentry","category-cidade","category-destaque-da-semana","category-ultima-hora"],"_links":{"self":[{"href":"https:\/\/diarioregionaldigital.com.br\/index.php?rest_route=\/wp\/v2\/posts\/170608","targetHints":{"allow":["GET"]}}],"collection":[{"href":"https:\/\/diarioregionaldigital.com.br\/index.php?rest_route=\/wp\/v2\/posts"}],"about":[{"href":"https:\/\/diarioregionaldigital.com.br\/index.php?rest_route=\/wp\/v2\/types\/post"}],"author":[{"embeddable":true,"href":"https:\/\/diarioregionaldigital.com.br\/index.php?rest_route=\/wp\/v2\/users\/96"}],"replies":[{"embeddable":true,"href":"https:\/\/diarioregionaldigital.com.br\/index.php?rest_route=%2Fwp%2Fv2%2Fcomments&post=170608"}],"version-history":[{"count":0,"href":"https:\/\/diarioregionaldigital.com.br\/index.php?rest_route=\/wp\/v2\/posts\/170608\/revisions"}],"wp:featuredmedia":[{"embeddable":true,"href":"https:\/\/diarioregionaldigital.com.br\/index.php?rest_route=\/wp\/v2\/media\/170609"}],"wp:attachment":[{"href":"https:\/\/diarioregionaldigital.com.br\/index.php?rest_route=%2Fwp%2Fv2%2Fmedia&parent=170608"}],"wp:term":[{"taxonomy":"category","embeddable":true,"href":"https:\/\/diarioregionaldigital.com.br\/index.php?rest_route=%2Fwp%2Fv2%2Fcategories&post=170608"},{"taxonomy":"post_tag","embeddable":true,"href":"https:\/\/diarioregionaldigital.com.br\/index.php?rest_route=%2Fwp%2Fv2%2Ftags&post=170608"}],"curies":[{"name":"wp","href":"https:\/\/api.w.org\/{rel}","templated":true}]}}