{"id":170603,"date":"2020-10-08T15:06:47","date_gmt":"2020-10-08T18:06:47","guid":{"rendered":"https:\/\/diarioregionaldigital.com.br\/?p=170603"},"modified":"2020-10-08T15:06:47","modified_gmt":"2020-10-08T18:06:47","slug":"estudo-aponta-relacao-entre-ambiente-urbano-e-arquitetonico-com-a-propagacao-do-coronavirus","status":"publish","type":"post","link":"https:\/\/diarioregionaldigital.com.br\/?p=170603","title":{"rendered":"Estudo aponta rela\u00e7\u00e3o entre ambiente urbano e arquitet\u00f4nico com a propaga\u00e7\u00e3o do coronav\u00edrus"},"content":{"rendered":"<p><span style=\"font-weight: 400;\">O programa de extens\u00e3o \u201cLaborat\u00f3rio Casa Sustent\u00e1vel\u201d da Universidade Federal de Juiz de Fora (UFJF) desenvolveu o relat\u00f3rio \u201cAmbiente Urbano e Habita\u00e7\u00e3o \u2013 condi\u00e7\u00e3o de salubridade \u00e0 luz da sustentabilidade em tempos de pandemia\u201d. A iniciativa, coordenada pela professora da Faculdade de Arquitetura e Urbanismo (FAU), Let\u00edcia Zambrano, discute quest\u00f5es relacionadas \u00e0s densidades urbanas, as \u00e1reas informais e a forma em que as cidades s\u00e3o afetadas pela pandemia.<\/span><\/p>\n<p><span style=\"font-weight: 400;\">Segundo o documento, espa\u00e7os onde h\u00e1 uma densidade populacional excessiva s\u00e3o mais propensos a dissemina\u00e7\u00e3o do novo coronav\u00edrus e esse fator se manifesta tanto em ambientes urbanos estruturados, quanto em \u00e1reas informais da cidade. \u201cMuitas das quest\u00f5es envolvidas na pandemia, de uma certa maneira, estavam demonstrando o limite da insustentabilidade em que chegamos nas cidades e que nos levam a uma maior exposi\u00e7\u00e3o ao v\u00edrus\u201c, afirma Let\u00edcia.\u00a0<\/span><\/p>\n<p><b>Contexto juiz-forano\u00a0<\/b><\/p>\n<p><span style=\"font-weight: 400;\">O documento alerta para o risco de uma legisla\u00e7\u00e3o vigente que permite altos coeficientes de ocupa\u00e7\u00e3o em terrenos, o que acarreta a uma densidade excessiva para um ambiente urbano que tende a ser mais confinado, devido \u00e0s suas ruas muito estreitas. Segundo a coordenadora do Laborat\u00f3rio, embora o prefeito tenha assumido com firmeza o enfrentamento da pandemia na cidade, isso n\u00e3o significa que Juiz de Fora n\u00e3o tenha os mesmos problemas encontrados em outros munic\u00edpios brasileiros, como a concentra\u00e7\u00e3o excessiva de pessoas no transporte p\u00fablico e a insufici\u00eancia de atendimentos junto \u00e0s \u00e1reas informais.\u00a0<\/span><\/p>\n<p><span style=\"font-weight: 400;\">Let\u00edcia afirma que os principais problemas do munic\u00edpio s\u00e3o a extens\u00e3o das \u00e1reas onde prevalece a informalidade na ocupa\u00e7\u00e3o urbana, tanto em Zonas Especiais de Interesse Social (Zeis) \u2013 \u00e1reas onde se localizam assentamentos habitacionais informais, demarcadas pela Prefeitura para serem alvos de pol\u00edticas habitacionais e sociais, \u2013 como em bairros populares.<\/span><\/p>\n<p><span style=\"font-weight: 400;\">De acordo com a pesquisadora, \u00e9 preciso direcionar o planejamento para estudos de densidade mais consistentes. \u201cO munic\u00edpio deve articular acordos entre setores da sociedade, considerando os diversos interesses existentes, e que haja uma aten\u00e7\u00e3o especial para que profissionais de Arquitetura e Urbanismo e Engenharia, ao intervirem na\u00a0 cidade, contribuam para condi\u00e7\u00f5es mais adequadas de sa\u00fade.\u201d<\/span><\/p>\n<p><b>Discuss\u00f5es sociais<\/b><\/p>\n<p><span style=\"font-weight: 400;\">\u201cPercebemos que ao olharmos para uma unidade residencial, as pessoas tamb\u00e9m sofrem, muitas vezes, de adensamento nas \u00e1reas informais. A pr\u00f3pria unidade, pela presen\u00e7a da coabita\u00e7\u00e3o de mais de uma fam\u00edlia vivendo em um mesma habita\u00e7\u00e3o, mais de tr\u00eas pessoas por c\u00f4modo, ou a pr\u00f3pria estrutura do espa\u00e7o habitacional, em determinadas situa\u00e7\u00f5es, prec\u00e1ria, tamb\u00e9m se transforma em um fator de agravamento\u201d, analisa Let\u00edcia. Para a professora da FAU, a presen\u00e7a de lixo nas ruas e encostas e a dificuldade de acesso para coleta dos res\u00edduos em determinados locais tamb\u00e9m s\u00e3o quest\u00f5es que agravam os n\u00edveis de contamina\u00e7\u00e3o nas \u00e1reas informais.<\/span><\/p>\n<p><span style=\"font-weight: 400;\">\u201cEmbora os dados oficiais apontem para o Centro e S\u00e3o Mateus como os bairros que apresentam os maiores \u00edndices de casos, estes s\u00e3o seguidos por Benfica e Nova Era \u2013 bairros populares \u2013 e em terceiro lugar S\u00e3o Pedro, Grama, S\u00e3o Geraldo, Monte Castelo entre outros, que s\u00e3o intensamente ocupados de maneira informal\u201d, refor\u00e7a a pesquisadora.<\/span><\/p>\n<p><span style=\"font-weight: 400;\">\u201cSabemos que n\u00e3o est\u00e3o sendo feitas testagens em massa que pudessem dar maior respaldo aos n\u00fameros oficiais e apontar para as \u00e1reas informais como locais de maior incid\u00eancia de casos da doen\u00e7a, mas se tem dados suficientes, pela m\u00eddia em geral, de que justamente a maior ocupa\u00e7\u00e3o\u00a0 de leitos acontece em hospitais p\u00fablicos que atendem as popula\u00e7\u00f5es de tais \u00e1reas\u201d, esclarece.<\/span><\/p>\n<p><span style=\"font-weight: 400;\">Let\u00edcia percebe que a insufici\u00eancia das pol\u00edticas p\u00fablicas sociais direcionadas \u00e0 esta parcela da popula\u00e7\u00e3o dificultam o enfrentamento desse desafio durante o quadro pand\u00eamico. \u201cEst\u00e1 claro que os problemas mais graves t\u00eam se dado no contexto da popula\u00e7\u00e3o de baixa renda por serem obrigados a sair pra trabalhar e terem que encarar o transporte coletivo lotado, aumentando a exposi\u00e7\u00e3o e o risco de cont\u00e1gio pelo coronav\u00edrus.\u201d<\/span><\/p>\n<p><b>Desenvolvimento da pesquisa<\/b><\/p>\n<p><span style=\"font-weight: 400;\">O relat\u00f3rio foi desenvolvido no per\u00edodo de trabalho remoto, direcionando a equipe para contribuir e se capacitar, por meio de pesquisas relacionadas ao ambiente urbano e arquitet\u00f4nico. Segundo Let\u00edcia, desde o in\u00edcio, o grupo percebeu a exist\u00eancia de rela\u00e7\u00f5es entre o quadro epidemiol\u00f3gico, o ambiente constru\u00eddo, a cidade e o desenvolvimento sustent\u00e1vel.\u00a0<\/span><\/p>\n<p><span style=\"font-weight: 400;\">Para a pr\u00f3-reitora de Extens\u00e3o, <\/span><span style=\"font-weight: 400;\">Ana L\u00edvia Coimbra<\/span><span style=\"font-weight: 400;\">, o desenvolvimento do relat\u00f3rio \u00e9 a manifesta\u00e7\u00e3o objetiva da rela\u00e7\u00e3o que a Universidade mant\u00e9m com a sociedade. \u201cA pandemia trouxe in\u00fameros desafios para o conjunto de comunidades que fazem parte dos territ\u00f3rios em que est\u00e3o inseridos os projetos de extens\u00e3o da UFJF. Atentos a esse contexto, procuraram construir solu\u00e7\u00f5es que possam favorecer a melhoria das condi\u00e7\u00f5es de vida das pessoas e que os direitos \u00e0 cidade, em uma condi\u00e7\u00e3o adequada tamb\u00e9m de sa\u00fade, sejam respeitados\u201d, finaliza.<\/span><\/p>\n<p><strong>Fonte:<\/strong> Assessoria<\/p>\n","protected":false},"excerpt":{"rendered":"<p>O programa de extens\u00e3o \u201cLaborat\u00f3rio Casa Sustent\u00e1vel\u201d da Universidade Federal de Juiz de Fora (UFJF) desenvolveu o relat\u00f3rio \u201cAmbiente Urbano e Habita\u00e7\u00e3o \u2013 condi\u00e7\u00e3o de salubridade \u00e0 luz da sustentabilidade em tempos de pandemia\u201d. A iniciativa, coordenada pela professora da Faculdade de Arquitetura e Urbanismo (FAU), Let\u00edcia Zambrano, discute quest\u00f5es relacionadas \u00e0s densidades urbanas, as [&hellip;]<\/p>\n","protected":false},"author":96,"featured_media":170604,"comment_status":"closed","ping_status":"closed","sticky":false,"template":"","format":"standard","meta":{"footnotes":""},"categories":[253,436,440,439],"tags":[],"class_list":["post-170603","post","type-post","status-publish","format-standard","has-post-thumbnail","hentry","category-cidade","category-destaque-da-semana","category-destaques-do-dia","category-ultima-hora"],"_links":{"self":[{"href":"https:\/\/diarioregionaldigital.com.br\/index.php?rest_route=\/wp\/v2\/posts\/170603","targetHints":{"allow":["GET"]}}],"collection":[{"href":"https:\/\/diarioregionaldigital.com.br\/index.php?rest_route=\/wp\/v2\/posts"}],"about":[{"href":"https:\/\/diarioregionaldigital.com.br\/index.php?rest_route=\/wp\/v2\/types\/post"}],"author":[{"embeddable":true,"href":"https:\/\/diarioregionaldigital.com.br\/index.php?rest_route=\/wp\/v2\/users\/96"}],"replies":[{"embeddable":true,"href":"https:\/\/diarioregionaldigital.com.br\/index.php?rest_route=%2Fwp%2Fv2%2Fcomments&post=170603"}],"version-history":[{"count":0,"href":"https:\/\/diarioregionaldigital.com.br\/index.php?rest_route=\/wp\/v2\/posts\/170603\/revisions"}],"wp:featuredmedia":[{"embeddable":true,"href":"https:\/\/diarioregionaldigital.com.br\/index.php?rest_route=\/wp\/v2\/media\/170604"}],"wp:attachment":[{"href":"https:\/\/diarioregionaldigital.com.br\/index.php?rest_route=%2Fwp%2Fv2%2Fmedia&parent=170603"}],"wp:term":[{"taxonomy":"category","embeddable":true,"href":"https:\/\/diarioregionaldigital.com.br\/index.php?rest_route=%2Fwp%2Fv2%2Fcategories&post=170603"},{"taxonomy":"post_tag","embeddable":true,"href":"https:\/\/diarioregionaldigital.com.br\/index.php?rest_route=%2Fwp%2Fv2%2Ftags&post=170603"}],"curies":[{"name":"wp","href":"https:\/\/api.w.org\/{rel}","templated":true}]}}