{"id":170544,"date":"2020-10-07T18:32:48","date_gmt":"2020-10-07T21:32:48","guid":{"rendered":"https:\/\/diarioregionaldigital.com.br\/?p=170544"},"modified":"2020-10-07T18:32:48","modified_gmt":"2020-10-07T21:32:48","slug":"covid-19-juiz-de-fora-tem-6-314-casos-confirmados-e-235-mortes","status":"publish","type":"post","link":"https:\/\/diarioregionaldigital.com.br\/?p=170544","title":{"rendered":"Covid-19: Juiz de Fora tem 6.314 casos confirmados e 235 mortes"},"content":{"rendered":"<p><span style=\"font-weight: 400;\">O novo boletim epidemiol\u00f3gico divulgado nessa quarta-feira (7) pela Secretaria de Sa\u00fade (SS) da Prefeitura de Juiz de Fora (PJF), confirma que o munic\u00edpio acumula 6.314 casos confirmados por Covid-19. Nas \u00faltimas 24h, foram registrados mais 67 pessoas infectadas. Segundo o levantamento, houve aumento de\u00a0 mais duas mortes, contabilizando 235 e 22.974 pacientes s\u00e3o suspeitos de terem a doen\u00e7a.\u00a0<\/span><\/p>\n<p><b>Leitos\u00a0<\/b><\/p>\n<p><span style=\"font-weight: 400;\">Segundo informa\u00e7\u00f5es da PJF, os leitos de enfermaria est\u00e3o com 63,20% de ocupa\u00e7\u00e3o. J\u00e1 os os leitos de UTI e SUS, est\u00e3o com taxa de 74,36% e 79,19% respectivamente.<\/span><\/p>\n<p><b>Isolamento social<\/b><\/p>\n<p><span style=\"font-weight: 400;\">Conforme os dados divulgados pela Prefeitura, o munic\u00edpio apresenta taxa de isolamento social em 49,4%, cuja m\u00e9dia \u00e9 dos \u00faltimos sete dias. O valor continua superior \u00e0 taxa registrada em Minas Gerais, que \u00e9 de 48,47%.<\/span><\/p>\n<p><b>Casos e \u00f3bitos confirmados<\/b><\/p>\n<p><span style=\"font-weight: 400;\">Na compara\u00e7\u00e3o com outras cidades do estado, Juiz de Fora permanece como oitavo munic\u00edpio com maior n\u00famero de casos confirmados. Segundo dados da Secretaria de Estado da Sa\u00fade de Minas Gerais (SES-MG), na primeira posi\u00e7\u00e3o aparece Belo Horizonte com 43.543, Uberl\u00e2ndia em segundo com 30.499, Contagem em terceiro com 9.277, Montes Claros em quarto com 9.147, Ipatinga em quinto com 8.907, Governador Valadares em sexto com 7.663 e Betim em s\u00e9timo com 6.918 estes s\u00e3o os munic\u00edpios que apresentam mais casos confirmados em compara\u00e7\u00e3o com Juiz de Fora.<\/span><\/p>\n<p><span style=\"font-weight: 400;\">J\u00e1 na quest\u00e3o das mortes confirmadas, o munic\u00edpio continua na quinta posi\u00e7\u00e3o nesse quesito. Belo Horizonte lidera com 1.301 \u00f3bitos, Uberl\u00e2ndia \u00e9 o segundo com 590, Contagem em terceiro com 386 e Governador Valadares em quarto com 265.<\/span><\/p>\n","protected":false},"excerpt":{"rendered":"<p>O novo boletim epidemiol\u00f3gico divulgado nessa quarta-feira (7) pela Secretaria de Sa\u00fade (SS) da Prefeitura de Juiz de Fora (PJF), confirma que o munic\u00edpio acumula 6.314 casos confirmados por Covid-19. Nas \u00faltimas 24h, foram registrados mais 67 pessoas infectadas. Segundo o levantamento, houve aumento de\u00a0 mais duas mortes, contabilizando 235 e 22.974 pacientes s\u00e3o suspeitos [&hellip;]<\/p>\n","protected":false},"author":96,"featured_media":170545,"comment_status":"closed","ping_status":"closed","sticky":false,"template":"","format":"standard","meta":{"footnotes":""},"categories":[253,436,440,439],"tags":[],"class_list":["post-170544","post","type-post","status-publish","format-standard","has-post-thumbnail","hentry","category-cidade","category-destaque-da-semana","category-destaques-do-dia","category-ultima-hora"],"_links":{"self":[{"href":"https:\/\/diarioregionaldigital.com.br\/index.php?rest_route=\/wp\/v2\/posts\/170544","targetHints":{"allow":["GET"]}}],"collection":[{"href":"https:\/\/diarioregionaldigital.com.br\/index.php?rest_route=\/wp\/v2\/posts"}],"about":[{"href":"https:\/\/diarioregionaldigital.com.br\/index.php?rest_route=\/wp\/v2\/types\/post"}],"author":[{"embeddable":true,"href":"https:\/\/diarioregionaldigital.com.br\/index.php?rest_route=\/wp\/v2\/users\/96"}],"replies":[{"embeddable":true,"href":"https:\/\/diarioregionaldigital.com.br\/index.php?rest_route=%2Fwp%2Fv2%2Fcomments&post=170544"}],"version-history":[{"count":0,"href":"https:\/\/diarioregionaldigital.com.br\/index.php?rest_route=\/wp\/v2\/posts\/170544\/revisions"}],"wp:featuredmedia":[{"embeddable":true,"href":"https:\/\/diarioregionaldigital.com.br\/index.php?rest_route=\/wp\/v2\/media\/170545"}],"wp:attachment":[{"href":"https:\/\/diarioregionaldigital.com.br\/index.php?rest_route=%2Fwp%2Fv2%2Fmedia&parent=170544"}],"wp:term":[{"taxonomy":"category","embeddable":true,"href":"https:\/\/diarioregionaldigital.com.br\/index.php?rest_route=%2Fwp%2Fv2%2Fcategories&post=170544"},{"taxonomy":"post_tag","embeddable":true,"href":"https:\/\/diarioregionaldigital.com.br\/index.php?rest_route=%2Fwp%2Fv2%2Ftags&post=170544"}],"curies":[{"name":"wp","href":"https:\/\/api.w.org\/{rel}","templated":true}]}}