{"id":170530,"date":"2020-10-07T17:43:52","date_gmt":"2020-10-07T20:43:52","guid":{"rendered":"https:\/\/diarioregionaldigital.com.br\/?p=170530"},"modified":"2020-10-07T17:43:52","modified_gmt":"2020-10-07T20:43:52","slug":"ufjf-inicia-projeto-comemorativo-de-seus-60-anos","status":"publish","type":"post","link":"https:\/\/diarioregionaldigital.com.br\/?p=170530","title":{"rendered":"UFJF inicia projeto comemorativo de seus 60 anos"},"content":{"rendered":"<p>A Universidade Federal de Juiz de Fora (UFJF) anunciou nesta quarta-feira, 7, a cria\u00e7\u00e3o do projeto comemorativo de seus 60 anos. \u201cGostar\u00edamos de celebrar este momento com muitas festas e eventos, mas n\u00e3o ser\u00e1 poss\u00edvel devido \u00e0 pandemia\u201d, explicou o diretor de Imagem Institucional, M\u00e1rcio de Oliveira Guerra, por meio de coletiva de imprensa on-line. \u201c\u00c9 tamb\u00e9m o ano em que completamos 50 anos da constru\u00e7\u00e3o do campus, e oito do campus avan\u00e7ado de Governador Valadares.\u201d<\/p>\n<p>Os planos consistem em envolver as pessoas da comunidade para compartilharem suas recorda\u00e7\u00f5es pelo e-mail ufjf60@comunicacao.ufjf.br\u00a0ou pelas redes sociais usando a #UFJF60anos. Um site est\u00e1 sendo criado para reunir arquivos hist\u00f3ricos, lembran\u00e7as pessoais, reportagens e outros materiais jornal\u00edsticos sobre os 60 anos de hist\u00f3ria da institui\u00e7\u00e3o. O lan\u00e7amento acontece ainda este m\u00eas de outubro.<\/p>\n<p>A UFJF sempre celebra seu anivers\u00e1rio, no dia 23 de dezembro, com a Medalha Juscelino Kubitschek, maior honraria da institui\u00e7\u00e3o. Este ano, o evento acontecer\u00e1 de forma on-line, em data ainda a ser definida, e prestigiar\u00e1 nomes escolhidos pelas unidades acad\u00eamicas e pela administra\u00e7\u00e3o, incluindo aqueles que atuaram no combate e preven\u00e7\u00e3o ao coronav\u00edrus.<\/p>\n<p>Outros eventos tamb\u00e9m poder\u00e3o ser programados ao longo dos dois meses de celebra\u00e7\u00e3o.<\/p>\n<p><strong>Fonte:\u00a0<\/strong>Assessoria<\/p>\n","protected":false},"excerpt":{"rendered":"<p>A Universidade Federal de Juiz de Fora (UFJF) anunciou nesta quarta-feira, 7, a cria\u00e7\u00e3o do projeto comemorativo de seus 60 anos. \u201cGostar\u00edamos de celebrar este momento com muitas festas e eventos, mas n\u00e3o ser\u00e1 poss\u00edvel devido \u00e0 pandemia\u201d, explicou o diretor de Imagem Institucional, M\u00e1rcio de Oliveira Guerra, por meio de coletiva de imprensa on-line. [&hellip;]<\/p>\n","protected":false},"author":96,"featured_media":169947,"comment_status":"closed","ping_status":"closed","sticky":false,"template":"","format":"standard","meta":{"footnotes":""},"categories":[253,436,440,439],"tags":[],"class_list":["post-170530","post","type-post","status-publish","format-standard","has-post-thumbnail","hentry","category-cidade","category-destaque-da-semana","category-destaques-do-dia","category-ultima-hora"],"_links":{"self":[{"href":"https:\/\/diarioregionaldigital.com.br\/index.php?rest_route=\/wp\/v2\/posts\/170530","targetHints":{"allow":["GET"]}}],"collection":[{"href":"https:\/\/diarioregionaldigital.com.br\/index.php?rest_route=\/wp\/v2\/posts"}],"about":[{"href":"https:\/\/diarioregionaldigital.com.br\/index.php?rest_route=\/wp\/v2\/types\/post"}],"author":[{"embeddable":true,"href":"https:\/\/diarioregionaldigital.com.br\/index.php?rest_route=\/wp\/v2\/users\/96"}],"replies":[{"embeddable":true,"href":"https:\/\/diarioregionaldigital.com.br\/index.php?rest_route=%2Fwp%2Fv2%2Fcomments&post=170530"}],"version-history":[{"count":0,"href":"https:\/\/diarioregionaldigital.com.br\/index.php?rest_route=\/wp\/v2\/posts\/170530\/revisions"}],"wp:featuredmedia":[{"embeddable":true,"href":"https:\/\/diarioregionaldigital.com.br\/index.php?rest_route=\/wp\/v2\/media\/169947"}],"wp:attachment":[{"href":"https:\/\/diarioregionaldigital.com.br\/index.php?rest_route=%2Fwp%2Fv2%2Fmedia&parent=170530"}],"wp:term":[{"taxonomy":"category","embeddable":true,"href":"https:\/\/diarioregionaldigital.com.br\/index.php?rest_route=%2Fwp%2Fv2%2Fcategories&post=170530"},{"taxonomy":"post_tag","embeddable":true,"href":"https:\/\/diarioregionaldigital.com.br\/index.php?rest_route=%2Fwp%2Fv2%2Ftags&post=170530"}],"curies":[{"name":"wp","href":"https:\/\/api.w.org\/{rel}","templated":true}]}}