{"id":170521,"date":"2020-10-07T16:52:29","date_gmt":"2020-10-07T19:52:29","guid":{"rendered":"https:\/\/diarioregionaldigital.com.br\/?p=170521"},"modified":"2020-10-07T16:52:29","modified_gmt":"2020-10-07T19:52:29","slug":"tecnico-andre-jardine-convoca-selecao-sub-20-visando-preparacao-para-o-sul-americano","status":"publish","type":"post","link":"https:\/\/diarioregionaldigital.com.br\/?p=170521","title":{"rendered":"T\u00e9cnico Andr\u00e9 Jardine convoca Sele\u00e7\u00e3o Sub-20, visando prepara\u00e7\u00e3o para o Sul-Americano"},"content":{"rendered":"<p><span style=\"font-weight: 400;\">Visando a fase de prepara\u00e7\u00e3o para o Sul-Americano 2021, o t\u00e9cnico da Sele\u00e7\u00e3o Brasileira Sub-20, Andr\u00e9 Jardine, anunciou a lista com os 23 jogadores convocados, que ir\u00e3o participar dos jogos preparat\u00f3rios para o torneio, que ser\u00e1 realizado do dia 2 a 27 de fevereiro na Col\u00f4mbia.<\/span><\/p>\n<p><span style=\"font-weight: 400;\">O grupo se apresentar\u00e1 no dia 21 de outubro (quarta-feira) e fica at\u00e9 o dia 31 de outubro (s\u00e1bado) na cidade de Itu, no interior de S\u00e3o Paulo. A delega\u00e7\u00e3o brasileira seguir\u00e1 todos os protocolos de seguran\u00e7a e preven\u00e7\u00e3o ao Coronav\u00edrus.<\/span><\/p>\n<p><span style=\"font-weight: 400;\">Nesta quarta etapa de prepara\u00e7\u00e3o, o grupo far\u00e1 dois jogos-treinos. No dia 28 de outubro (quarta-feira), o Brasil enfrentar\u00e1 a equipe Sub-23 do Corinthians, \u00e0s 16h. No dia 31 de outubro (s\u00e1bado), o grupo encerra a prepara\u00e7\u00e3o contra a equipe profissional do Ituano Futebol Clube, \u00e0s 10h. Os dois confrontos ser\u00e3o realizados no Est\u00e1dio Municipal Doutor Novelli J\u00fanior.\u00a0<\/span><\/p>\n<p><b>CONVOCADOS<\/b><b>:<\/b><\/p>\n<p><b>Goleiros:<\/b><\/p>\n<p><span style=\"font-weight: 400;\">Leonardo Linck &#8211; Clube Athletico Paranaense\u00a0<\/span><\/p>\n<p><span style=\"font-weight: 400;\">Luc\u00e3o &#8211; C. R. Vasco da Gama<\/span><\/p>\n<p><span style=\"font-weight: 400;\">Matheus Donelli &#8211; S.C. Corinthians Paulista<\/span><\/p>\n<p><b>Laterais:<\/b><\/p>\n<p><span style=\"font-weight: 400;\">Khellven &#8211; Clube Athletico Paranaense\u00a0<\/span><\/p>\n<p><span style=\"font-weight: 400;\">Yan Couto &#8211; Girona F. C.<\/span><\/p>\n<p><span style=\"font-weight: 400;\">Ramon -C. R. Flamengo<\/span><\/p>\n<p><span style=\"font-weight: 400;\">Welington Damascena &#8211; S\u00e3o Paulo F.C<\/span><\/p>\n<p><b>Zagueiros:<\/b><\/p>\n<p><span style=\"font-weight: 400;\">Luan Freitas &#8211; Fluminense F.C<\/span><\/p>\n<p><span style=\"font-weight: 400;\">Luan Patrick &#8211; Clube Athletico Paranaense<\/span><\/p>\n<p><span style=\"font-weight: 400;\">Lucas Freitas &#8211; Real Valladolid C. F.<\/span><\/p>\n<p><span style=\"font-weight: 400;\">Morato &#8211; S.L. Benfica<\/span><\/p>\n<p><b>Meias:<\/b><\/p>\n<p><span style=\"font-weight: 400;\">Bruno Gomes &#8211; C. R. Vasco da Gama<\/span><\/p>\n<p><span style=\"font-weight: 400;\">Danilo &#8211; S.E. Palmeiras<\/span><\/p>\n<p><span style=\"font-weight: 400;\">Diego Rosa &#8211; Gr\u00eamio F.B.P.A<\/span><\/p>\n<p><span style=\"font-weight: 400;\">Gustavo Mantuan &#8211; S.C. Corinthians Paulista<\/span><\/p>\n<p><span style=\"font-weight: 400;\">Maur\u00edcio &#8211; Cruzeiro E.C.<\/span><\/p>\n<p><span style=\"font-weight: 400;\">Zanocelo &#8211; A.A. Ponte Preta<\/span><\/p>\n<p><b>Atacantes:<\/b><\/p>\n<p><span style=\"font-weight: 400;\">Gabriel Veron &#8211; S.E. Palmeiras<\/span><\/p>\n<p><span style=\"font-weight: 400;\">Jaj\u00e1 &#8211; Clube Athletico Paranaense<\/span><\/p>\n<p><span style=\"font-weight: 400;\">Kaio Jorge &#8211; Santos F. C.<\/span><\/p>\n<p><span style=\"font-weight: 400;\">Luiz Henrique &#8211; Fluminense F.C.<\/span><\/p>\n<p><span style=\"font-weight: 400;\">Talles Magno &#8211; C. R. Vasco da Gama<\/span><\/p>\n<p><span style=\"font-weight: 400;\">Yuri Alberto &#8211; S.C. Internacional\u00a0<\/span><\/p>\n","protected":false},"excerpt":{"rendered":"<p>Visando a fase de prepara\u00e7\u00e3o para o Sul-Americano 2021, o t\u00e9cnico da Sele\u00e7\u00e3o Brasileira Sub-20, Andr\u00e9 Jardine, anunciou a lista com os 23 jogadores convocados, que ir\u00e3o participar dos jogos preparat\u00f3rios para o torneio, que ser\u00e1 realizado do dia 2 a 27 de fevereiro na Col\u00f4mbia. O grupo se apresentar\u00e1 no dia 21 de outubro [&hellip;]<\/p>\n","protected":false},"author":96,"featured_media":170522,"comment_status":"closed","ping_status":"closed","sticky":false,"template":"","format":"standard","meta":{"footnotes":""},"categories":[436,257,439],"tags":[],"class_list":["post-170521","post","type-post","status-publish","format-standard","has-post-thumbnail","hentry","category-destaque-da-semana","category-esporte","category-ultima-hora"],"_links":{"self":[{"href":"https:\/\/diarioregionaldigital.com.br\/index.php?rest_route=\/wp\/v2\/posts\/170521","targetHints":{"allow":["GET"]}}],"collection":[{"href":"https:\/\/diarioregionaldigital.com.br\/index.php?rest_route=\/wp\/v2\/posts"}],"about":[{"href":"https:\/\/diarioregionaldigital.com.br\/index.php?rest_route=\/wp\/v2\/types\/post"}],"author":[{"embeddable":true,"href":"https:\/\/diarioregionaldigital.com.br\/index.php?rest_route=\/wp\/v2\/users\/96"}],"replies":[{"embeddable":true,"href":"https:\/\/diarioregionaldigital.com.br\/index.php?rest_route=%2Fwp%2Fv2%2Fcomments&post=170521"}],"version-history":[{"count":0,"href":"https:\/\/diarioregionaldigital.com.br\/index.php?rest_route=\/wp\/v2\/posts\/170521\/revisions"}],"wp:featuredmedia":[{"embeddable":true,"href":"https:\/\/diarioregionaldigital.com.br\/index.php?rest_route=\/wp\/v2\/media\/170522"}],"wp:attachment":[{"href":"https:\/\/diarioregionaldigital.com.br\/index.php?rest_route=%2Fwp%2Fv2%2Fmedia&parent=170521"}],"wp:term":[{"taxonomy":"category","embeddable":true,"href":"https:\/\/diarioregionaldigital.com.br\/index.php?rest_route=%2Fwp%2Fv2%2Fcategories&post=170521"},{"taxonomy":"post_tag","embeddable":true,"href":"https:\/\/diarioregionaldigital.com.br\/index.php?rest_route=%2Fwp%2Fv2%2Ftags&post=170521"}],"curies":[{"name":"wp","href":"https:\/\/api.w.org\/{rel}","templated":true}]}}