{"id":170466,"date":"2020-10-06T18:22:49","date_gmt":"2020-10-06T21:22:49","guid":{"rendered":"https:\/\/diarioregionaldigital.com.br\/?p=170466"},"modified":"2020-10-06T18:22:49","modified_gmt":"2020-10-06T21:22:49","slug":"nova-secretaria-de-seguranca-urbana-e-cidadania-visita-a-guarda-municipal","status":"publish","type":"post","link":"https:\/\/diarioregionaldigital.com.br\/?p=170466","title":{"rendered":"Nova secret\u00e1ria de Seguran\u00e7a Urbana e Cidadania visita a Guarda Municipal"},"content":{"rendered":"<p>A nova secret\u00e1ria de Seguran\u00e7a Urbana e Cidadania, S\u00f4nia Parma, visitou nesta ter\u00e7a-feira, 6, a sede da Guarda Municipal (GM), no Bairro S\u00e3o Bernardo. Al\u00e9m de conhecer as instala\u00e7\u00f5es da corpora\u00e7\u00e3o, ela teve oportunidade de assistir \u00e0 apresenta\u00e7\u00e3o do Plano de A\u00e7\u00e3o 2019\/2020 da Guarda. Ele se estrutura em diretrizes e metas a serem cumpridas no bi\u00eanio. S\u00e3o tr\u00eas diretrizes principais (a\u00e7\u00e3o Integrada, estrutura renovada e servi\u00e7os de excel\u00eancia), sobre as quais 42 metas foram tra\u00e7adas.<\/p>\n<p>S\u00f4nia Parma se mostrou solid\u00e1ria ao trabalho da GM, firmando compromisso de defender as propostas ali apresentadas: \u201cVoc\u00eas est\u00e3o no caminho certo. Conseguiram grupo articulado e fizeram excelente trabalho de planejamento\u201d, avaliou. \u201cNa pol\u00edcia, a gente tinha uma m\u00e1xima que dizia, se a gente n\u00e3o pode resolver, a gente tem que organizar\u201d, pontuou, em refer\u00eancia \u00e0 import\u00e2ncia de se preparar a institui\u00e7\u00e3o para avan\u00e7os futuros, mesmo nos momentos em que as condi\u00e7\u00f5es indiquem o contr\u00e1rio.<\/p>\n<p>O Plano de A\u00e7\u00e3o da GM cumpre o papel de revis\u00e3o de processos da corpora\u00e7\u00e3o, impulsionada pela Secretaria de Seguran\u00e7a Urbana e Cidadania (Sesuc), da Prefeitura de Juiz de Fora (PJF), a fim de otimizar e fortalecer seu modo de atua\u00e7\u00e3o. A elabora\u00e7\u00e3o do plano coube ao comando da Guarda e \u00e0 equipe de supervisores da institui\u00e7\u00e3o, sendo constantemente reavaliado. A Portaria 10.933, de 19 de fevereiro de 2020, criou o Comit\u00ea de Acompanhamento do Plano de A\u00e7\u00e3o da Guarda Municipal (Ceapa\/GM).<\/p>\n<p>Muito comum na \u00e1rea empresarial, o plano \u00e9 in\u00e9dito na GM de Juiz de Fora, e tem car\u00e1ter pioneiro dentro da Administra\u00e7\u00e3o Municipal. \u00c9 ferramenta de gest\u00e3o, utilizada no planejamento e acompanhamento de atividades necess\u00e1rias para se atingir determinado resultado.<\/p>\n<p><strong>Fonte:\u00a0<\/strong>Assessoria<\/p>\n","protected":false},"excerpt":{"rendered":"<p>A nova secret\u00e1ria de Seguran\u00e7a Urbana e Cidadania, S\u00f4nia Parma, visitou nesta ter\u00e7a-feira, 6, a sede da Guarda Municipal (GM), no Bairro S\u00e3o Bernardo. Al\u00e9m de conhecer as instala\u00e7\u00f5es da corpora\u00e7\u00e3o, ela teve oportunidade de assistir \u00e0 apresenta\u00e7\u00e3o do Plano de A\u00e7\u00e3o 2019\/2020 da Guarda. Ele se estrutura em diretrizes e metas a serem cumpridas [&hellip;]<\/p>\n","protected":false},"author":96,"featured_media":170467,"comment_status":"closed","ping_status":"closed","sticky":false,"template":"","format":"standard","meta":{"footnotes":""},"categories":[253,436,439],"tags":[],"class_list":["post-170466","post","type-post","status-publish","format-standard","has-post-thumbnail","hentry","category-cidade","category-destaque-da-semana","category-ultima-hora"],"_links":{"self":[{"href":"https:\/\/diarioregionaldigital.com.br\/index.php?rest_route=\/wp\/v2\/posts\/170466","targetHints":{"allow":["GET"]}}],"collection":[{"href":"https:\/\/diarioregionaldigital.com.br\/index.php?rest_route=\/wp\/v2\/posts"}],"about":[{"href":"https:\/\/diarioregionaldigital.com.br\/index.php?rest_route=\/wp\/v2\/types\/post"}],"author":[{"embeddable":true,"href":"https:\/\/diarioregionaldigital.com.br\/index.php?rest_route=\/wp\/v2\/users\/96"}],"replies":[{"embeddable":true,"href":"https:\/\/diarioregionaldigital.com.br\/index.php?rest_route=%2Fwp%2Fv2%2Fcomments&post=170466"}],"version-history":[{"count":0,"href":"https:\/\/diarioregionaldigital.com.br\/index.php?rest_route=\/wp\/v2\/posts\/170466\/revisions"}],"wp:featuredmedia":[{"embeddable":true,"href":"https:\/\/diarioregionaldigital.com.br\/index.php?rest_route=\/wp\/v2\/media\/170467"}],"wp:attachment":[{"href":"https:\/\/diarioregionaldigital.com.br\/index.php?rest_route=%2Fwp%2Fv2%2Fmedia&parent=170466"}],"wp:term":[{"taxonomy":"category","embeddable":true,"href":"https:\/\/diarioregionaldigital.com.br\/index.php?rest_route=%2Fwp%2Fv2%2Fcategories&post=170466"},{"taxonomy":"post_tag","embeddable":true,"href":"https:\/\/diarioregionaldigital.com.br\/index.php?rest_route=%2Fwp%2Fv2%2Ftags&post=170466"}],"curies":[{"name":"wp","href":"https:\/\/api.w.org\/{rel}","templated":true}]}}