{"id":170463,"date":"2020-10-06T18:21:54","date_gmt":"2020-10-06T21:21:54","guid":{"rendered":"https:\/\/diarioregionaldigital.com.br\/?p=170463"},"modified":"2020-10-06T18:21:54","modified_gmt":"2020-10-06T21:21:54","slug":"prefeito-visita-nova-sede-do-conselho-tutelar-regiao-sul-oeste","status":"publish","type":"post","link":"https:\/\/diarioregionaldigital.com.br\/?p=170463","title":{"rendered":"Prefeito visita nova sede do Conselho Tutelar Regi\u00e3o Sul\/Oeste"},"content":{"rendered":"<p>Nesta ter\u00e7a-feira, 6, o prefeito Ant\u00f4nio Almas, acompanhado da secret\u00e1ria de Desenvolvimento Social, Tammy Claret, e da subsecret\u00e1ria Carla Salom\u00e3o, visitou a nova sede do Conselho Tutelar Regi\u00e3o Sul\/Oeste, al\u00e9m de conferir o andamento dos trabalhos no local.<\/p>\n<p>L\u00e1, o prefeito ressaltou que, &#8220;nesses dois anos e cinco meses, trabalhamos muito para garantir assist\u00eancia \u00e0 popula\u00e7\u00e3o, e com esta mudan\u00e7a proporcionamos uma sede dentro do territ\u00f3rio referenciado para os usu\u00e1rios, com mais acessibilidade ao p\u00fablico que precisa do atendimento&#8221;.<\/p>\n<p>A nova sede do Conselho Tutelar Regi\u00e3o Sul\/Oeste fica na Pra\u00e7a Presidente Ant\u00f4nio Carlos, 371, Centro. O hor\u00e1rio de atendimento \u00e9 das 8 \u00e0s 14 horas, e o telefone para contato \u00e9 o 3690-7397, e no esquema de plant\u00e3o, 998431-4793.<\/p>\n<p>O Conselho Tutelar deve ser acionado sempre que se perceba abuso ou situa\u00e7\u00f5es de risco contra a crian\u00e7a ou o adolescente, como, por exemplo, em casos de viol\u00eancia f\u00edsica ou emocional. Cabe ao \u00f3rg\u00e3o aplicar medidas que zelem pela prote\u00e7\u00e3o dos direitos desta popula\u00e7\u00e3o.<\/p>\n<p><strong>Fonte:\u00a0<\/strong>Assessoria<\/p>\n","protected":false},"excerpt":{"rendered":"<p>Nesta ter\u00e7a-feira, 6, o prefeito Ant\u00f4nio Almas, acompanhado da secret\u00e1ria de Desenvolvimento Social, Tammy Claret, e da subsecret\u00e1ria Carla Salom\u00e3o, visitou a nova sede do Conselho Tutelar Regi\u00e3o Sul\/Oeste, al\u00e9m de conferir o andamento dos trabalhos no local. L\u00e1, o prefeito ressaltou que, &#8220;nesses dois anos e cinco meses, trabalhamos muito para garantir assist\u00eancia \u00e0 [&hellip;]<\/p>\n","protected":false},"author":96,"featured_media":170464,"comment_status":"closed","ping_status":"closed","sticky":false,"template":"","format":"standard","meta":{"footnotes":""},"categories":[253,436,439],"tags":[],"class_list":["post-170463","post","type-post","status-publish","format-standard","has-post-thumbnail","hentry","category-cidade","category-destaque-da-semana","category-ultima-hora"],"_links":{"self":[{"href":"https:\/\/diarioregionaldigital.com.br\/index.php?rest_route=\/wp\/v2\/posts\/170463","targetHints":{"allow":["GET"]}}],"collection":[{"href":"https:\/\/diarioregionaldigital.com.br\/index.php?rest_route=\/wp\/v2\/posts"}],"about":[{"href":"https:\/\/diarioregionaldigital.com.br\/index.php?rest_route=\/wp\/v2\/types\/post"}],"author":[{"embeddable":true,"href":"https:\/\/diarioregionaldigital.com.br\/index.php?rest_route=\/wp\/v2\/users\/96"}],"replies":[{"embeddable":true,"href":"https:\/\/diarioregionaldigital.com.br\/index.php?rest_route=%2Fwp%2Fv2%2Fcomments&post=170463"}],"version-history":[{"count":0,"href":"https:\/\/diarioregionaldigital.com.br\/index.php?rest_route=\/wp\/v2\/posts\/170463\/revisions"}],"wp:featuredmedia":[{"embeddable":true,"href":"https:\/\/diarioregionaldigital.com.br\/index.php?rest_route=\/wp\/v2\/media\/170464"}],"wp:attachment":[{"href":"https:\/\/diarioregionaldigital.com.br\/index.php?rest_route=%2Fwp%2Fv2%2Fmedia&parent=170463"}],"wp:term":[{"taxonomy":"category","embeddable":true,"href":"https:\/\/diarioregionaldigital.com.br\/index.php?rest_route=%2Fwp%2Fv2%2Fcategories&post=170463"},{"taxonomy":"post_tag","embeddable":true,"href":"https:\/\/diarioregionaldigital.com.br\/index.php?rest_route=%2Fwp%2Fv2%2Ftags&post=170463"}],"curies":[{"name":"wp","href":"https:\/\/api.w.org\/{rel}","templated":true}]}}