{"id":170460,"date":"2020-10-06T18:20:49","date_gmt":"2020-10-06T21:20:49","guid":{"rendered":"https:\/\/diarioregionaldigital.com.br\/?p=170460"},"modified":"2020-10-06T18:20:49","modified_gmt":"2020-10-06T21:20:49","slug":"funalfa-promove-mais-dois-encontros-e-lanca-cartilha-da-lei-aldir-blanc","status":"publish","type":"post","link":"https:\/\/diarioregionaldigital.com.br\/?p=170460","title":{"rendered":"Funalfa promove mais dois encontros e lan\u00e7a cartilha da Lei \u201cAldir Blanc\u201d"},"content":{"rendered":"<p>Mais dois encontros sobre a Lei Nacional de Emerg\u00eancia Cultural (Lei \u201cAldir Blanc\u201d) ser\u00e3o promovidos pela Funda\u00e7\u00e3o Cultural \u201cAlfredo Ferreira Lage\u201d (Funalfa) na pr\u00f3xima quinta-feira, 8. Como nas edi\u00e7\u00f5es anteriores, os encontros ser\u00e3o realizados \u00e0s 14 e \u00e0s 19 horas, por meio do projeto \u201cCultura Conecta\u201d, no aplicativo Zoom\u00a0<b>(ID 692 354 1099 \u2013 Senha: funalfa)<\/b>. A proposta \u00e9 dar continuidade \u00e0s discuss\u00f5es em torno dos crit\u00e9rios para distribui\u00e7\u00e3o dos recursos da Lei \u201cAldir Blanc\u201d, e a participa\u00e7\u00e3o \u00e9 aberta a todos os interessados.<\/p>\n<p>Na mesma data, a Funalfa lan\u00e7ar\u00e1 site com cartilha que re\u00fane as principais informa\u00e7\u00f5es da nova lei. \u201cPor meio desse material, as trabalhadoras e os trabalhadores da roda da cultura poder\u00e3o entender, de forma ampla, o funcionamento da lei, sua aplica\u00e7\u00e3o em Juiz de Fora, quem tem direito ao benef\u00edcio e como pleite\u00e1-lo\u201d, explicou o assessor do Departamento de Fomento \u00e0 Cultura, Henrique Ara\u00fajo. O lan\u00e7amento do site acontecer\u00e1 durante o \u201cCultura Conecta\u201d.<\/p>\n<p>Em todo o pa\u00eds, R$ 3 bilh\u00f5es, do Fundo Nacional da Cultura, ser\u00e3o repassados aos estados e munic\u00edpios, por meio da Secretaria Especial de Cultura, alocada no Minist\u00e9rio do Turismo. A verba \u00e9 destinada aos profissionais da cultura impedidos de trabalhar em fun\u00e7\u00e3o da pandemia de covid-19. Juiz de Fora ter\u00e1 direito a quase R$ 3,5 milh\u00f5es e, conforme amplamente negociado com a classe art\u00edstica, o valor ser\u00e1 aplicado atrav\u00e9s de \u201cedital guarda-chuva\u201d, com v\u00e1rias segmenta\u00e7\u00f5es, e que dever\u00e1 ser lan\u00e7ado nos pr\u00f3ximos dias.<\/p>\n<p><strong>Fonte:\u00a0<\/strong>Assessoria<\/p>\n","protected":false},"excerpt":{"rendered":"<p>Mais dois encontros sobre a Lei Nacional de Emerg\u00eancia Cultural (Lei \u201cAldir Blanc\u201d) ser\u00e3o promovidos pela Funda\u00e7\u00e3o Cultural \u201cAlfredo Ferreira Lage\u201d (Funalfa) na pr\u00f3xima quinta-feira, 8. Como nas edi\u00e7\u00f5es anteriores, os encontros ser\u00e3o realizados \u00e0s 14 e \u00e0s 19 horas, por meio do projeto \u201cCultura Conecta\u201d, no aplicativo Zoom\u00a0(ID 692 354 1099 \u2013 Senha: funalfa). [&hellip;]<\/p>\n","protected":false},"author":96,"featured_media":170461,"comment_status":"closed","ping_status":"closed","sticky":false,"template":"","format":"standard","meta":{"footnotes":""},"categories":[256,436,262,439],"tags":[],"class_list":["post-170460","post","type-post","status-publish","format-standard","has-post-thumbnail","hentry","category-cultura","category-destaque-da-semana","category-noticias","category-ultima-hora"],"_links":{"self":[{"href":"https:\/\/diarioregionaldigital.com.br\/index.php?rest_route=\/wp\/v2\/posts\/170460","targetHints":{"allow":["GET"]}}],"collection":[{"href":"https:\/\/diarioregionaldigital.com.br\/index.php?rest_route=\/wp\/v2\/posts"}],"about":[{"href":"https:\/\/diarioregionaldigital.com.br\/index.php?rest_route=\/wp\/v2\/types\/post"}],"author":[{"embeddable":true,"href":"https:\/\/diarioregionaldigital.com.br\/index.php?rest_route=\/wp\/v2\/users\/96"}],"replies":[{"embeddable":true,"href":"https:\/\/diarioregionaldigital.com.br\/index.php?rest_route=%2Fwp%2Fv2%2Fcomments&post=170460"}],"version-history":[{"count":0,"href":"https:\/\/diarioregionaldigital.com.br\/index.php?rest_route=\/wp\/v2\/posts\/170460\/revisions"}],"wp:featuredmedia":[{"embeddable":true,"href":"https:\/\/diarioregionaldigital.com.br\/index.php?rest_route=\/wp\/v2\/media\/170461"}],"wp:attachment":[{"href":"https:\/\/diarioregionaldigital.com.br\/index.php?rest_route=%2Fwp%2Fv2%2Fmedia&parent=170460"}],"wp:term":[{"taxonomy":"category","embeddable":true,"href":"https:\/\/diarioregionaldigital.com.br\/index.php?rest_route=%2Fwp%2Fv2%2Fcategories&post=170460"},{"taxonomy":"post_tag","embeddable":true,"href":"https:\/\/diarioregionaldigital.com.br\/index.php?rest_route=%2Fwp%2Fv2%2Ftags&post=170460"}],"curies":[{"name":"wp","href":"https:\/\/api.w.org\/{rel}","templated":true}]}}