{"id":170457,"date":"2020-10-06T18:15:14","date_gmt":"2020-10-06T21:15:14","guid":{"rendered":"https:\/\/diarioregionaldigital.com.br\/?p=170457"},"modified":"2020-10-06T18:15:14","modified_gmt":"2020-10-06T21:15:14","slug":"novo-genero-literario-e-destaque-em-video-do-museu-mariano-procopio","status":"publish","type":"post","link":"https:\/\/diarioregionaldigital.com.br\/?p=170457","title":{"rendered":"Novo g\u00eanero liter\u00e1rio \u00e9 destaque em v\u00eddeo do Museu \u201cMariano Proc\u00f3pio\u201d"},"content":{"rendered":"<p>Dentro da programa\u00e7\u00e3o de conte\u00fado do Museu \u201cMariano Proc\u00f3pio\u201d para outubro est\u00e3o sendo destacadas algumas datas representativas do m\u00eas, como, por exemplo, o \u201cDia do Professor\u201d, 15. Nesse contexto, a divulga\u00e7\u00e3o de publica\u00e7\u00f5es que dialogam com o meio discente. Assim, a professora Joseani Adalemar Netto apresenta, em v\u00eddeo, novo g\u00eanero liter\u00e1rio, a \u201caldravia, a fim de motivar professores e alunos a exercitarem seu olhar po\u00e9tico na constru\u00e7\u00e3o de suas pr\u00f3prias aldravias, ou seja, a mensagem minimalista atrav\u00e9s da poesia. O v\u00eddeo est\u00e1 dispon\u00edvel no Canal da Prefeitura de Juiz de Fora (PJF), no YouTube e nas redes sociais do Museu.<\/p>\n<p>Al\u00e9m disso, atrav\u00e9s de sua apresenta\u00e7\u00e3o, Joseani mostra aos professores que \u00e9 poss\u00edvel ampliar o repert\u00f3rio liter\u00e1rio e lingu\u00edstico dos alunos, tendo as aldravias como instrumento importante nessa constru\u00e7\u00e3o. Ela, que \u00e9 mestra em Letras pela Universidade Federal de Juiz de Fora (UFJF), apresenta, com esse trabalho, &#8220;do conto \u00e0 aldravia, uma proposta de amplia\u00e7\u00e3o do repert\u00f3rio liter\u00e1rio, atrav\u00e9s da produ\u00e7\u00e3o de textos po\u00e9ticos\u201d. Professora de L\u00edngua Portuguesa e Literatura nas redes p\u00fablica e particular em Santos Dumont (MG), poeta e escritora, Joseani ministra palestras e oficinas sobre o tema \u201cletramento liter\u00e1rio e lingu\u00edstico\u201d, atrav\u00e9s das aldravias, para alunos e professores.<\/p>\n<p><strong>Fonte:\u00a0<\/strong>Assessoria<\/p>\n","protected":false},"excerpt":{"rendered":"<p>Dentro da programa\u00e7\u00e3o de conte\u00fado do Museu \u201cMariano Proc\u00f3pio\u201d para outubro est\u00e3o sendo destacadas algumas datas representativas do m\u00eas, como, por exemplo, o \u201cDia do Professor\u201d, 15. Nesse contexto, a divulga\u00e7\u00e3o de publica\u00e7\u00f5es que dialogam com o meio discente. Assim, a professora Joseani Adalemar Netto apresenta, em v\u00eddeo, novo g\u00eanero liter\u00e1rio, a \u201caldravia, a fim [&hellip;]<\/p>\n","protected":false},"author":96,"featured_media":170458,"comment_status":"closed","ping_status":"closed","sticky":false,"template":"","format":"standard","meta":{"footnotes":""},"categories":[256,436,262,439],"tags":[],"class_list":["post-170457","post","type-post","status-publish","format-standard","has-post-thumbnail","hentry","category-cultura","category-destaque-da-semana","category-noticias","category-ultima-hora"],"_links":{"self":[{"href":"https:\/\/diarioregionaldigital.com.br\/index.php?rest_route=\/wp\/v2\/posts\/170457","targetHints":{"allow":["GET"]}}],"collection":[{"href":"https:\/\/diarioregionaldigital.com.br\/index.php?rest_route=\/wp\/v2\/posts"}],"about":[{"href":"https:\/\/diarioregionaldigital.com.br\/index.php?rest_route=\/wp\/v2\/types\/post"}],"author":[{"embeddable":true,"href":"https:\/\/diarioregionaldigital.com.br\/index.php?rest_route=\/wp\/v2\/users\/96"}],"replies":[{"embeddable":true,"href":"https:\/\/diarioregionaldigital.com.br\/index.php?rest_route=%2Fwp%2Fv2%2Fcomments&post=170457"}],"version-history":[{"count":0,"href":"https:\/\/diarioregionaldigital.com.br\/index.php?rest_route=\/wp\/v2\/posts\/170457\/revisions"}],"wp:featuredmedia":[{"embeddable":true,"href":"https:\/\/diarioregionaldigital.com.br\/index.php?rest_route=\/wp\/v2\/media\/170458"}],"wp:attachment":[{"href":"https:\/\/diarioregionaldigital.com.br\/index.php?rest_route=%2Fwp%2Fv2%2Fmedia&parent=170457"}],"wp:term":[{"taxonomy":"category","embeddable":true,"href":"https:\/\/diarioregionaldigital.com.br\/index.php?rest_route=%2Fwp%2Fv2%2Fcategories&post=170457"},{"taxonomy":"post_tag","embeddable":true,"href":"https:\/\/diarioregionaldigital.com.br\/index.php?rest_route=%2Fwp%2Fv2%2Ftags&post=170457"}],"curies":[{"name":"wp","href":"https:\/\/api.w.org\/{rel}","templated":true}]}}