{"id":170454,"date":"2020-10-06T18:00:16","date_gmt":"2020-10-06T21:00:16","guid":{"rendered":"https:\/\/diarioregionaldigital.com.br\/?p=170454"},"modified":"2020-10-06T18:00:16","modified_gmt":"2020-10-06T21:00:16","slug":"governo-de-minas-amplia-testagem-para-covid-19-no-estado","status":"publish","type":"post","link":"https:\/\/diarioregionaldigital.com.br\/?p=170454","title":{"rendered":"Governo de Minas amplia testagem para covid-19 no estado"},"content":{"rendered":"<p>A\u00a0<a href=\"http:\/\/www.saude.mg.gov.br\/\" target=\"_blank\" rel=\"noopener noreferrer\">Secretaria de Estado de Sa\u00fade de Minas Gerais (SES-MG)<\/a>\u00a0anunciou, em coletiva virtual nesta ter\u00e7a-feira (6\/10), a amplia\u00e7\u00e3o dos crit\u00e9rios de testagem para covid-19 em Minas. O secret\u00e1rio Carlos Eduardo Amaral informou que os testes, a partir de agora, tamb\u00e9m ser\u00e3o realizados em todas as pessoas que se enquadram na defini\u00e7\u00e3o de caso suspeito de s\u00edndrome gripal, causada pelo Sars-CoV-2, ou seja, com suspeita da covid-19.<\/p>\n<p>\u201cEssa amplia\u00e7\u00e3o significa o esfor\u00e7o que temos feito com objetivo de ampliar a rede e aumentar a capacidade de testagem. Com isso, a expectativa \u00e9 de bloquear ainda mais a transmiss\u00e3o da doen\u00e7a no estado, trazendo a redu\u00e7\u00e3o nos n\u00fameros em Minas\u201d, explicou Amaral.<\/p>\n<p><strong>M\u00e9todo<\/strong><\/p>\n<p>A pol\u00edtica do Estado para realiza\u00e7\u00e3o de teste pelo m\u00e9todo RT-PCR segue a recomenda\u00e7\u00e3o do Minist\u00e9rio da Sa\u00fade (MS). A testagem \u00e9 feita, por exemplo, em casos de S\u00edndrome Respirat\u00f3ria Aguda Grave (SRAG) hospitalizados, \u00f3bitos por SRAG suspeitos, profissionais de Sa\u00fade e de Seguran\u00e7a p\u00fablica sintom\u00e1ticos, idosos com idade igual ou superior a 60 anos, sintom\u00e1ticos, pacientes com comorbidades, entre outros.<\/p>\n<p>Aliado a isso, a SES-MG tem disponibilizado quantitativo de testes r\u00e1pidos vindos do MS. O p\u00fablico para este tipo de testagem \u00e9 composto por qualquer paciente com sintomas &#8211; seja leve, moderado ou alto, que estejam nos seguintes grupos: profissionais de Sa\u00fade e Seguran\u00e7a p\u00fablica em atividade; pessoa que resida no mesmo domic\u00edlio de um profissional de Sa\u00fade e Seguran\u00e7a p\u00fablica em atividade; pessoa com idade igual ou superior a 60 anos; portadores de condi\u00e7\u00f5es de risco para complica\u00e7\u00f5es da covid-19; e popula\u00e7\u00e3o economicamente ativa.<\/p>\n<p><em><strong><a href=\"http:\/\/www.agenciaminas.mg.gov.br\/ckeditor_assets\/attachments\/9487\/atualizacao_manual_de_diagnostico_versao_2.pdf\" target=\"_blank\" rel=\"noopener noreferrer\">Clique aqui<\/a><\/strong>\u00a0para ter acesso ao manual do diagn\u00f3stico da covid-19.<\/em><\/p>\n<p><strong>Atividades escolares<\/strong><\/p>\n<p>O secret\u00e1rio adjunto de Sa\u00fade, Marcelo Cabral, destacou os protocolos elaborados pelas equipes t\u00e9cnicas da SES-MG para atender adequadamente \u00e0 retomada das atividades escolares presenciais. \u201c\u00c9 importante destacar, ainda, que Equipamentos de Prote\u00e7\u00e3o Individual (EPIs) s\u00e3o providenciados para os servidores e colaboradores envolvidos\u201d, afirmou.<\/p>\n<p>J\u00e1 Carlos Eduardo Amaral refor\u00e7ou o trabalho intenso realizado tanto pela SES-MG quanto pela\u00a0<a href=\"http:\/\/www.educacao.mg.gov.br\/\" target=\"_blank\" rel=\"noopener noreferrer\">Secretaria de Estado de Educa\u00e7\u00e3o (SEE)<\/a>\u00a0para que se chegasse ao protocolo apresentado.<\/p>\n<p>\u201cHoje, temos um protocolo que apresenta uma tripla checagem, passando pelo n\u00edvel estadual, local e parental. No n\u00edvel estadual, separamos claramente os protocolos da Sa\u00fade e as estrat\u00e9gias da Educa\u00e7\u00e3o, a partir das seguintes pontua\u00e7\u00f5es: s\u00f3 haver\u00e1 retomada das atividades escolares quando se tratar de munic\u00edpio integrante da onda verde do plano Minas Consciente. Al\u00e9m disso, descrevemos um protocolo adequado, envolvendo todos os momentos relacionados \u00e0 rotina escolar, como transporte, refei\u00e7\u00e3o, distanciamento dentro da sala de aula e uso dos banheiros\u201d, detalhou o secret\u00e1rio.<\/p>\n<p>Segundo Amaral, do ponto de vista da Educa\u00e7\u00e3o, o controle do risco est\u00e1 no retorno gradual. \u201cN\u00e3o h\u00e1 como se pensar no retorno de todas as turmas ao mesmo tempo, ent\u00e3o \u00e9 sinalizado com muita clareza que, no estado, haver\u00e1 um retorno gradual, para que as escolas n\u00e3o fiquem cheias como antes da pandemia\u201d, explicou. No segundo n\u00edvel de controle (local), os gestores municipais avaliar\u00e3o, a partir do cen\u00e1rio, se o retorno est\u00e1 adequado e como se dar\u00e1 o desenvolvimento do mesmo.<\/p>\n<p>J\u00e1 no terceiro n\u00edvel de controle, est\u00e1 o poder de decis\u00e3o dos pais e respons\u00e1veis. Nesse n\u00edvel, entendemos que os pais devem avaliar as condi\u00e7\u00f5es de sa\u00fade como um todo e decidir se a crian\u00e7a volta ou n\u00e3o \u00e0s atividades presenciais. \u201cE n\u00e3o tenham d\u00favidas de que se tivermos um impacto na situa\u00e7\u00e3o da covid no estado, a qualquer momento, daremos um passo atr\u00e1s, como fizemos ao longo de toda a epidemia\u201d, destacou.<\/p>\n<p><strong>Fonte:\u00a0<\/strong>Ag\u00eancia Minas<\/p>\n","protected":false},"excerpt":{"rendered":"<p>A\u00a0Secretaria de Estado de Sa\u00fade de Minas Gerais (SES-MG)\u00a0anunciou, em coletiva virtual nesta ter\u00e7a-feira (6\/10), a amplia\u00e7\u00e3o dos crit\u00e9rios de testagem para covid-19 em Minas. O secret\u00e1rio Carlos Eduardo Amaral informou que os testes, a partir de agora, tamb\u00e9m ser\u00e3o realizados em todas as pessoas que se enquadram na defini\u00e7\u00e3o de caso suspeito de s\u00edndrome [&hellip;]<\/p>\n","protected":false},"author":96,"featured_media":170455,"comment_status":"closed","ping_status":"closed","sticky":false,"template":"","format":"standard","meta":{"footnotes":""},"categories":[436,254,439],"tags":[],"class_list":["post-170454","post","type-post","status-publish","format-standard","has-post-thumbnail","hentry","category-destaque-da-semana","category-politica","category-ultima-hora"],"_links":{"self":[{"href":"https:\/\/diarioregionaldigital.com.br\/index.php?rest_route=\/wp\/v2\/posts\/170454","targetHints":{"allow":["GET"]}}],"collection":[{"href":"https:\/\/diarioregionaldigital.com.br\/index.php?rest_route=\/wp\/v2\/posts"}],"about":[{"href":"https:\/\/diarioregionaldigital.com.br\/index.php?rest_route=\/wp\/v2\/types\/post"}],"author":[{"embeddable":true,"href":"https:\/\/diarioregionaldigital.com.br\/index.php?rest_route=\/wp\/v2\/users\/96"}],"replies":[{"embeddable":true,"href":"https:\/\/diarioregionaldigital.com.br\/index.php?rest_route=%2Fwp%2Fv2%2Fcomments&post=170454"}],"version-history":[{"count":0,"href":"https:\/\/diarioregionaldigital.com.br\/index.php?rest_route=\/wp\/v2\/posts\/170454\/revisions"}],"wp:featuredmedia":[{"embeddable":true,"href":"https:\/\/diarioregionaldigital.com.br\/index.php?rest_route=\/wp\/v2\/media\/170455"}],"wp:attachment":[{"href":"https:\/\/diarioregionaldigital.com.br\/index.php?rest_route=%2Fwp%2Fv2%2Fmedia&parent=170454"}],"wp:term":[{"taxonomy":"category","embeddable":true,"href":"https:\/\/diarioregionaldigital.com.br\/index.php?rest_route=%2Fwp%2Fv2%2Fcategories&post=170454"},{"taxonomy":"post_tag","embeddable":true,"href":"https:\/\/diarioregionaldigital.com.br\/index.php?rest_route=%2Fwp%2Fv2%2Ftags&post=170454"}],"curies":[{"name":"wp","href":"https:\/\/api.w.org\/{rel}","templated":true}]}}