{"id":170451,"date":"2020-10-06T17:57:56","date_gmt":"2020-10-06T20:57:56","guid":{"rendered":"https:\/\/diarioregionaldigital.com.br\/?p=170451"},"modified":"2020-10-06T17:57:56","modified_gmt":"2020-10-06T20:57:56","slug":"pjf-confirma-mais-24-pessoas-infectadas-por-covid-19","status":"publish","type":"post","link":"https:\/\/diarioregionaldigital.com.br\/?p=170451","title":{"rendered":"PJF confirma mais 24 pessoas infectadas por Covid-19"},"content":{"rendered":"<p><span style=\"font-weight: 400;\">O novo boletim epidemiol\u00f3gico divulgado nesta ter\u00e7a-feira (6) pela Secretaria de Sa\u00fade (SS) da Prefeitura de Juiz de Fora (PJF), confirma que o munic\u00edpio registrou mais 24 pessoas infectadas por Covid-19. No acumulado, s\u00e3o 6.247 casos confirmados.\u00a0<\/span><\/p>\n<p><span style=\"font-weight: 400;\">Segundo o levantamento, houve aumento de\u00a0 mais tr\u00eas mortes, contabilizando 233 e 22.778 pacientes s\u00e3o suspeitos de terem a doen\u00e7a. Al\u00e9m disso, o Departamento de Vigil\u00e2ncia Epidemiol\u00f3gica e Ambiental (Dvea) informa que dentre os casos confirmados, 3.306 s\u00e3o mulheres e 2.941 homens.<\/span><\/p>\n<p><b>\u00d3bitos<\/b><\/p>\n<p><span style=\"font-weight: 400;\">Idosa, de 77 anos, morreu nesta ter\u00e7a-feira, 6. Comorbidades: Diabetes Mellitus, Hipertens\u00e3o Arterial Sist\u00eamica (HAS), imunodefici\u00eancia\/imunossupress\u00e3o e pneumopatia cr\u00f4nica;<\/span><\/p>\n<p><span style=\"font-weight: 400;\">Idoso, de 63 anos, morreu nesta ter\u00e7a-feira, 6. Sem comorbidades relatadas;<\/span><\/p>\n<p><span style=\"font-weight: 400;\">Idosa, de 63 anos, orreu nesta ter\u00e7a-feira, 6. Comorbidade: Doen\u00e7a Cardiovascular Cr\u00f4nica (DCC).<\/span><\/p>\n<p><b>N\u00fameros de casos<\/b><\/p>\n<p><span style=\"font-weight: 400;\">&#8211; At\u00e9 um ano: 20 (0,32%)<\/span><\/p>\n<p><span style=\"font-weight: 400;\">&#8211; Um a nove anos: 101 (1,61%)<\/span><\/p>\n<p><span style=\"font-weight: 400;\">&#8211; Dez a 19: 162 (2,59%)<\/span><\/p>\n<p><span style=\"font-weight: 400;\">&#8211; 20 a 29: 1.079 (17,27%)<\/span><\/p>\n<p><span style=\"font-weight: 400;\">&#8211; 30 a 39: 1.539 (24,63%)<\/span><\/p>\n<p><span style=\"font-weight: 400;\">&#8211; 40 a 49: 1.179 (18,87%)<\/span><\/p>\n<p><span style=\"font-weight: 400;\">&#8211; 50 a 59: 993 (15,89%)<\/span><\/p>\n<p><span style=\"font-weight: 400;\">&#8211; 60 ou mais: 1.179 (18,79%)<\/span><\/p>\n<p><b>Leitos\u00a0<\/b><\/p>\n<p><span style=\"font-weight: 400;\">Segundo informa\u00e7\u00f5es da PJF, os leitos de enfermaria est\u00e3o com 62,70% de ocupa\u00e7\u00e3o. J\u00e1 os os leitos de UTI e SUS, est\u00e3o com taxa de 73,63% e 76,88% respectivamente.<\/span><\/p>\n<p><b>Exames entregues pela UFJF<\/b><\/p>\n<p><span style=\"font-weight: 400;\">Em parceria com a Prefeitura, a Universidade Federal de Juiz de Fora (UFJF), j\u00e1 realizou 8.502 exames de Covid-19, PCR em Tempo Real, desde o in\u00edcio da pandemia.<\/span><\/p>\n<p><span style=\"font-weight: 400;\">No per\u00edodo do dia 28 de setembro a 2 deste m\u00eas, a institui\u00e7\u00e3o cadastrou 326 exames feitos em Juiz de Fora, sendo que 5 foram analisados e foram emitidos 321 laudos.<\/span><\/p>\n<p><b>Ranking de bairros com maior n\u00famero de casos<\/b><\/p>\n<p><span style=\"font-weight: 400;\">Conforme a Prefeitura, o Bairro Bonfim (Regi\u00e3o Leste), entrou para o ranking de locais com maior n\u00famero de casos confirmados no munic\u00edpio, com 36 registros.<\/span><\/p>\n<p><span style=\"font-weight: 400;\">At\u00e9 o momento, o Departamento de Vigil\u00e2ncia Epidemiol\u00f3gica e Ambiental (Dvea), da SS, registrou 375 casos no Centro, 264 no Bairro S\u00e3o Mateus, 173 no S\u00e3o Pedro, 147 no Benfica, 106 no Altos Passos, 105 no Progresso, 102 no Santa Helena, 101 no Cascatinha, 101 no Bom Pastor, 95 em Nova Era, 86 no Bandeirantes, 85 no Santa Luzia, 82 no Paineiras, 73 no Bairu, 71 em Grama, 68 em Teixeiras, 67 em Nossa Senhora de Lourdes, 67 no Granbery, 62 em Linhares, 61 em Nossa Senhora Aparecida, 61 em Monte Castelo, 56 em Santa Terezinha, 55 em Santa Cruz, 55 em Graja\u00fa, 52 em Ipiranga, 51 no Jardim Gl\u00f3ria, 51 no Estrela Sul, 49 no Santo Ant\u00f4nio, 49 em Barbosa Lage, 48 em Francisco Bernardino, 47 no Manoel Hon\u00f3rio, 47 no Eldorado, 46 em Milho Branco, 46 em Borboleta, 46 em Dom Bosco, 46 em Vila Ideal, 44 em S\u00e3o Judas Tadeu, 43 em Democrata, 43 em J\u00f3quei Clube, 42 no Industrial, 40 em Marumbi, 40 em Nossa Senhora das Gra\u00e7as e 36 em Jardim Natal.<\/span><\/p>\n<p><b>Casos recuperados<\/b><\/p>\n<p><span style=\"font-weight: 400;\">Segundo dados da PJF, at\u00e9 esta ter\u00e7a-feira, 5.810 pacientes est\u00e3o recuperados da doen\u00e7a, representando 93% dos casos confirmados.<\/span><\/p>\n<p><b>Isolamento social<\/b><\/p>\n<p><span style=\"font-weight: 400;\">Conforme os dados divulgados pela Prefeitura, o munic\u00edpio apresenta taxa de isolamento social em 49,6%, cuja m\u00e9dia \u00e9 dos \u00faltimos sete dias. O valor continua superior \u00e0 taxa registrada em Minas Gerais, que \u00e9 de 48,7%.<\/span><\/p>\n<p><b>Casos e \u00f3bitos confirmados<\/b><\/p>\n<p><span style=\"font-weight: 400;\">Na compara\u00e7\u00e3o com outras cidades do estado, Juiz de Fora permanece como oitavo munic\u00edpio com maior n\u00famero de casos confirmados. Segundo dados da Secretaria de Estado da Sa\u00fade de Minas Gerais (SES-MG), na primeira posi\u00e7\u00e3o aparece Belo Horizonte com 43.304, Uberl\u00e2ndia em segundo com 30.443, Contagem em terceiro com 9.260, Montes Claros em quarto com 8.966, Ipatinga em quinto com 8.891, Governador Valadares em sexto com 7.598 e Betim em s\u00e9timo com 6.890 estes s\u00e3o os munic\u00edpios que apresentam mais casos confirmados em compara\u00e7\u00e3o com Juiz de Fora.<\/span><\/p>\n<p><span style=\"font-weight: 400;\">J\u00e1 na quest\u00e3o das mortes confirmadas, o munic\u00edpio continua na quinta posi\u00e7\u00e3o nesse quesito. Belo Horizonte lidera com 1.289 \u00f3bitos, Uberl\u00e2ndia \u00e9 o segundo com 586, Contagem em terceiro com 384 e Governador Valadares em quarto com 262.<\/span><\/p>\n","protected":false},"excerpt":{"rendered":"<p>O novo boletim epidemiol\u00f3gico divulgado nesta ter\u00e7a-feira (6) pela Secretaria de Sa\u00fade (SS) da Prefeitura de Juiz de Fora (PJF), confirma que o munic\u00edpio registrou mais 24 pessoas infectadas por Covid-19. No acumulado, s\u00e3o 6.247 casos confirmados.\u00a0 Segundo o levantamento, houve aumento de\u00a0 mais tr\u00eas mortes, contabilizando 233 e 22.778 pacientes s\u00e3o suspeitos de terem [&hellip;]<\/p>\n","protected":false},"author":96,"featured_media":170452,"comment_status":"closed","ping_status":"closed","sticky":false,"template":"","format":"standard","meta":{"footnotes":""},"categories":[253,436,440,439],"tags":[],"class_list":["post-170451","post","type-post","status-publish","format-standard","has-post-thumbnail","hentry","category-cidade","category-destaque-da-semana","category-destaques-do-dia","category-ultima-hora"],"_links":{"self":[{"href":"https:\/\/diarioregionaldigital.com.br\/index.php?rest_route=\/wp\/v2\/posts\/170451","targetHints":{"allow":["GET"]}}],"collection":[{"href":"https:\/\/diarioregionaldigital.com.br\/index.php?rest_route=\/wp\/v2\/posts"}],"about":[{"href":"https:\/\/diarioregionaldigital.com.br\/index.php?rest_route=\/wp\/v2\/types\/post"}],"author":[{"embeddable":true,"href":"https:\/\/diarioregionaldigital.com.br\/index.php?rest_route=\/wp\/v2\/users\/96"}],"replies":[{"embeddable":true,"href":"https:\/\/diarioregionaldigital.com.br\/index.php?rest_route=%2Fwp%2Fv2%2Fcomments&post=170451"}],"version-history":[{"count":0,"href":"https:\/\/diarioregionaldigital.com.br\/index.php?rest_route=\/wp\/v2\/posts\/170451\/revisions"}],"wp:featuredmedia":[{"embeddable":true,"href":"https:\/\/diarioregionaldigital.com.br\/index.php?rest_route=\/wp\/v2\/media\/170452"}],"wp:attachment":[{"href":"https:\/\/diarioregionaldigital.com.br\/index.php?rest_route=%2Fwp%2Fv2%2Fmedia&parent=170451"}],"wp:term":[{"taxonomy":"category","embeddable":true,"href":"https:\/\/diarioregionaldigital.com.br\/index.php?rest_route=%2Fwp%2Fv2%2Fcategories&post=170451"},{"taxonomy":"post_tag","embeddable":true,"href":"https:\/\/diarioregionaldigital.com.br\/index.php?rest_route=%2Fwp%2Fv2%2Ftags&post=170451"}],"curies":[{"name":"wp","href":"https:\/\/api.w.org\/{rel}","templated":true}]}}