{"id":170415,"date":"2020-10-05T23:07:52","date_gmt":"2020-10-06T02:07:52","guid":{"rendered":"https:\/\/diarioregionaldigital.com.br\/?p=170415"},"modified":"2020-10-05T23:07:52","modified_gmt":"2020-10-06T02:07:52","slug":"colisao-entre-dois-veiculos-deixa-uma-pessoa-morta-na-br-267","status":"publish","type":"post","link":"https:\/\/diarioregionaldigital.com.br\/?p=170415","title":{"rendered":"Colis\u00e3o entre dois ve\u00edculos deixa uma pessoa morta na BR-267"},"content":{"rendered":"<p>Na tarde desta segunda-feira (5), o Corpo de Bombeiros foi acionado, para atender uma ocorr\u00eancia referente a colis\u00e3o frontal entre dois ve\u00edculos, na BR-267 no munic\u00edpio de Bicas. Segundo informa\u00e7\u00f5es de testemunhas, logo ap\u00f3s o impacto, os dois autom\u00f3veis foram atingidos por um carro forte, que n\u00e3o conseguiu frear a tempo. Em um dos ve\u00edculos, com placas de Bicas, haviam tr\u00eas pessoas, sendo que duas ficaram presas nas ferragens e uma veio a \u00f3bito, sendo esta uma idosa de 66 anos. O outro carro, com placas de Esp\u00edrito Santo, o condutor foi resgatado, por\u00e9m estava politraumatizado.<\/p>\n<p>Os Bombeiros retiraram as v\u00edtimas das ferragens e a per\u00edcia esteve presente no local, bem como a Pol\u00edcia Rodovi\u00e1ria Federal (PRF).<\/p>\n","protected":false},"excerpt":{"rendered":"<p>Na tarde desta segunda-feira (5), o Corpo de Bombeiros foi acionado, para atender uma ocorr\u00eancia referente a colis\u00e3o frontal entre dois ve\u00edculos, na BR-267 no munic\u00edpio de Bicas. Segundo informa\u00e7\u00f5es de testemunhas, logo ap\u00f3s o impacto, os dois autom\u00f3veis foram atingidos por um carro forte, que n\u00e3o conseguiu frear a tempo. Em um dos ve\u00edculos, [&hellip;]<\/p>\n","protected":false},"author":96,"featured_media":170416,"comment_status":"closed","ping_status":"closed","sticky":false,"template":"","format":"standard","meta":{"footnotes":""},"categories":[436,252,439],"tags":[],"class_list":["post-170415","post","type-post","status-publish","format-standard","has-post-thumbnail","hentry","category-destaque-da-semana","category-regiao","category-ultima-hora"],"_links":{"self":[{"href":"https:\/\/diarioregionaldigital.com.br\/index.php?rest_route=\/wp\/v2\/posts\/170415","targetHints":{"allow":["GET"]}}],"collection":[{"href":"https:\/\/diarioregionaldigital.com.br\/index.php?rest_route=\/wp\/v2\/posts"}],"about":[{"href":"https:\/\/diarioregionaldigital.com.br\/index.php?rest_route=\/wp\/v2\/types\/post"}],"author":[{"embeddable":true,"href":"https:\/\/diarioregionaldigital.com.br\/index.php?rest_route=\/wp\/v2\/users\/96"}],"replies":[{"embeddable":true,"href":"https:\/\/diarioregionaldigital.com.br\/index.php?rest_route=%2Fwp%2Fv2%2Fcomments&post=170415"}],"version-history":[{"count":0,"href":"https:\/\/diarioregionaldigital.com.br\/index.php?rest_route=\/wp\/v2\/posts\/170415\/revisions"}],"wp:featuredmedia":[{"embeddable":true,"href":"https:\/\/diarioregionaldigital.com.br\/index.php?rest_route=\/wp\/v2\/media\/170416"}],"wp:attachment":[{"href":"https:\/\/diarioregionaldigital.com.br\/index.php?rest_route=%2Fwp%2Fv2%2Fmedia&parent=170415"}],"wp:term":[{"taxonomy":"category","embeddable":true,"href":"https:\/\/diarioregionaldigital.com.br\/index.php?rest_route=%2Fwp%2Fv2%2Fcategories&post=170415"},{"taxonomy":"post_tag","embeddable":true,"href":"https:\/\/diarioregionaldigital.com.br\/index.php?rest_route=%2Fwp%2Fv2%2Ftags&post=170415"}],"curies":[{"name":"wp","href":"https:\/\/api.w.org\/{rel}","templated":true}]}}