{"id":170400,"date":"2020-10-05T22:55:57","date_gmt":"2020-10-06T01:55:57","guid":{"rendered":"https:\/\/diarioregionaldigital.com.br\/?p=170400"},"modified":"2020-10-05T22:55:57","modified_gmt":"2020-10-06T01:55:57","slug":"guardas-a-paisana-ajudam-capturar-assaltante-que-agia-com-arma-simulada","status":"publish","type":"post","link":"https:\/\/diarioregionaldigital.com.br\/?p=170400","title":{"rendered":"Guardas \u00e0 paisana ajudam capturar assaltante que agia com arma simulada"},"content":{"rendered":"<p>Integrantes da Guarda Municipal (GM), que se encontravam fora do hor\u00e1rio de servi\u00e7o, flagraram assalto a uma mulher, 32 anos, em ponto de \u00f4nibus na Avenida Rio Branco, altura do Mergulh\u00e3o, na noite de sexta-feira, 2. A dupla de GMs, \u00e0 paisana, passava pelo local, quando ouviu os gritos de socorro da v\u00edtima. Perseguido, um dos assaltantes deixou cair simulacro de arma de fogo. Com apoio da Pol\u00edcia Militar (PM), acionada por populares, os autores, de 19 e 26 anos, acabaram presos em flagrante. Os pertences da v\u00edtima, celular e RS 65,00, foram recuperados. Ela ainda relatou ter sido agredida a socos pelos assaltantes, ao reagir ao roubo, pois percebera que a arma era falsa.<\/p>\n<p><strong>Fonte:\u00a0<\/strong>Assessoria<\/p>\n","protected":false},"excerpt":{"rendered":"<p>Integrantes da Guarda Municipal (GM), que se encontravam fora do hor\u00e1rio de servi\u00e7o, flagraram assalto a uma mulher, 32 anos, em ponto de \u00f4nibus na Avenida Rio Branco, altura do Mergulh\u00e3o, na noite de sexta-feira, 2. A dupla de GMs, \u00e0 paisana, passava pelo local, quando ouviu os gritos de socorro da v\u00edtima. Perseguido, um [&hellip;]<\/p>\n","protected":false},"author":96,"featured_media":170401,"comment_status":"closed","ping_status":"closed","sticky":false,"template":"","format":"standard","meta":{"footnotes":""},"categories":[253,436,439],"tags":[],"class_list":["post-170400","post","type-post","status-publish","format-standard","has-post-thumbnail","hentry","category-cidade","category-destaque-da-semana","category-ultima-hora"],"_links":{"self":[{"href":"https:\/\/diarioregionaldigital.com.br\/index.php?rest_route=\/wp\/v2\/posts\/170400","targetHints":{"allow":["GET"]}}],"collection":[{"href":"https:\/\/diarioregionaldigital.com.br\/index.php?rest_route=\/wp\/v2\/posts"}],"about":[{"href":"https:\/\/diarioregionaldigital.com.br\/index.php?rest_route=\/wp\/v2\/types\/post"}],"author":[{"embeddable":true,"href":"https:\/\/diarioregionaldigital.com.br\/index.php?rest_route=\/wp\/v2\/users\/96"}],"replies":[{"embeddable":true,"href":"https:\/\/diarioregionaldigital.com.br\/index.php?rest_route=%2Fwp%2Fv2%2Fcomments&post=170400"}],"version-history":[{"count":0,"href":"https:\/\/diarioregionaldigital.com.br\/index.php?rest_route=\/wp\/v2\/posts\/170400\/revisions"}],"wp:featuredmedia":[{"embeddable":true,"href":"https:\/\/diarioregionaldigital.com.br\/index.php?rest_route=\/wp\/v2\/media\/170401"}],"wp:attachment":[{"href":"https:\/\/diarioregionaldigital.com.br\/index.php?rest_route=%2Fwp%2Fv2%2Fmedia&parent=170400"}],"wp:term":[{"taxonomy":"category","embeddable":true,"href":"https:\/\/diarioregionaldigital.com.br\/index.php?rest_route=%2Fwp%2Fv2%2Fcategories&post=170400"},{"taxonomy":"post_tag","embeddable":true,"href":"https:\/\/diarioregionaldigital.com.br\/index.php?rest_route=%2Fwp%2Fv2%2Ftags&post=170400"}],"curies":[{"name":"wp","href":"https:\/\/api.w.org\/{rel}","templated":true}]}}