{"id":170397,"date":"2020-10-05T19:36:04","date_gmt":"2020-10-05T22:36:04","guid":{"rendered":"https:\/\/diarioregionaldigital.com.br\/?p=170397"},"modified":"2020-10-05T19:36:04","modified_gmt":"2020-10-05T22:36:04","slug":"guarda-municipal-atende-denuncia-de-fogo-no-interior-do-parque-halfeld","status":"publish","type":"post","link":"https:\/\/diarioregionaldigital.com.br\/?p=170397","title":{"rendered":"Guarda Municipal atende den\u00fancia de fogo no interior do Parque Halfeld"},"content":{"rendered":"<p>Na noite de domingo, 4, a Guarda Municipal (GM) recebeu den\u00fancia de que uma pessoa havia adentrado o Parque Halfeld e ateado fogo em colch\u00e3o. A guarni\u00e7\u00e3o recebeu tamb\u00e9m imagens, que mostram labaredas de mais de um metro de altura atr\u00e1s da barraca de sorvete. Uma equipe compareceu no local. O suspeito de iniciar a queima havia evadido, e em \u00e1rea sem vegeta\u00e7\u00e3o, pr\u00f3xima ao riacho, se encontravam os restos do objeto incendiado, com pequeno foco de fogo. De posse de extintor de inc\u00eandio, a GM apagou a chama remanescente, evitando possibilidade alastramento. O chamado feito \u00e0 Guarda se deu pelo telefone 153, n\u00famero pelo qual a popula\u00e7\u00e3o pode fazer den\u00fancias de danos ao patrim\u00f4nio p\u00fablico.<\/p>\n<p>De acordo com a Lei de Crimes Ambientais (9.605\/98), em seu Artigo 62, \u00e9 crime contra o ordenamento urbano e o patrim\u00f4nio cultural destruir, inutilizar ou deteriorar bem especialmente protegido por lei, podendo seu autor ser penalizado de reclus\u00e3o, de um a tr\u00eas anos, e multa.<\/p>\n<p>O acesso ao Parque Halfeld est\u00e1 vedado ao p\u00fablico, por barreira f\u00edsica, em raz\u00e3o do estado de emerg\u00eancia em sa\u00fade p\u00fablica imposto pela pandemia de coronav\u00edrus. Desde 21 de mar\u00e7o o local est\u00e1 fechado por gradis, como medida de conten\u00e7\u00e3o \u00e0 prolifera\u00e7\u00e3o da covid-19. Devido \u00e0 sua localiza\u00e7\u00e3o no Centro da cidade, o espa\u00e7o \u00e9 tradicional ponto de encontro, concentra\u00e7\u00e3o e perman\u00eancia de pessoas.<\/p>\n<p><strong>Fonte:\u00a0<\/strong>Assessoria<\/p>\n","protected":false},"excerpt":{"rendered":"<p>Na noite de domingo, 4, a Guarda Municipal (GM) recebeu den\u00fancia de que uma pessoa havia adentrado o Parque Halfeld e ateado fogo em colch\u00e3o. A guarni\u00e7\u00e3o recebeu tamb\u00e9m imagens, que mostram labaredas de mais de um metro de altura atr\u00e1s da barraca de sorvete. Uma equipe compareceu no local. O suspeito de iniciar a [&hellip;]<\/p>\n","protected":false},"author":96,"featured_media":170398,"comment_status":"closed","ping_status":"closed","sticky":false,"template":"","format":"standard","meta":{"footnotes":""},"categories":[253,436,439],"tags":[],"class_list":["post-170397","post","type-post","status-publish","format-standard","has-post-thumbnail","hentry","category-cidade","category-destaque-da-semana","category-ultima-hora"],"_links":{"self":[{"href":"https:\/\/diarioregionaldigital.com.br\/index.php?rest_route=\/wp\/v2\/posts\/170397","targetHints":{"allow":["GET"]}}],"collection":[{"href":"https:\/\/diarioregionaldigital.com.br\/index.php?rest_route=\/wp\/v2\/posts"}],"about":[{"href":"https:\/\/diarioregionaldigital.com.br\/index.php?rest_route=\/wp\/v2\/types\/post"}],"author":[{"embeddable":true,"href":"https:\/\/diarioregionaldigital.com.br\/index.php?rest_route=\/wp\/v2\/users\/96"}],"replies":[{"embeddable":true,"href":"https:\/\/diarioregionaldigital.com.br\/index.php?rest_route=%2Fwp%2Fv2%2Fcomments&post=170397"}],"version-history":[{"count":0,"href":"https:\/\/diarioregionaldigital.com.br\/index.php?rest_route=\/wp\/v2\/posts\/170397\/revisions"}],"wp:featuredmedia":[{"embeddable":true,"href":"https:\/\/diarioregionaldigital.com.br\/index.php?rest_route=\/wp\/v2\/media\/170398"}],"wp:attachment":[{"href":"https:\/\/diarioregionaldigital.com.br\/index.php?rest_route=%2Fwp%2Fv2%2Fmedia&parent=170397"}],"wp:term":[{"taxonomy":"category","embeddable":true,"href":"https:\/\/diarioregionaldigital.com.br\/index.php?rest_route=%2Fwp%2Fv2%2Fcategories&post=170397"},{"taxonomy":"post_tag","embeddable":true,"href":"https:\/\/diarioregionaldigital.com.br\/index.php?rest_route=%2Fwp%2Fv2%2Ftags&post=170397"}],"curies":[{"name":"wp","href":"https:\/\/api.w.org\/{rel}","templated":true}]}}