{"id":170356,"date":"2020-10-05T16:36:50","date_gmt":"2020-10-05T19:36:50","guid":{"rendered":"https:\/\/diarioregionaldigital.com.br\/?p=170356"},"modified":"2020-10-05T16:36:50","modified_gmt":"2020-10-05T19:36:50","slug":"garantidos-em-toquio-2020-icaro-miguel-e-milena-titoneli-elogiam-primeiras-semanas-de-treinos-na-servia","status":"publish","type":"post","link":"https:\/\/diarioregionaldigital.com.br\/?p=170356","title":{"rendered":"Garantidos em T\u00f3quio 2020, Icaro Miguel e Milena Titoneli elogiam primeiras semanas de treinos na S\u00e9rvia"},"content":{"rendered":"<p><span style=\"font-weight: 400;\">H\u00e1 duas semanas, a S\u00e9rvia se tornou mais um pa\u00eds a acolher atletas brasileiros que buscam melhores condi\u00e7\u00f5es de treino depois do auge da pandemia do novo coronav\u00edrus. At\u00e9 agora, os outros s\u00e3o Portugal, que recebe atualmente delega\u00e7\u00f5es de marcha atl\u00e9tica, ciclismo BMX e rugby sevens; Fran\u00e7a e Rep\u00fablica Tcheca, onde treinam, respectivamente, Ana S\u00e1tila e Pep\u00ea Gon\u00e7alves.<\/span><\/p>\n<p><span style=\"font-weight: 400;\">Numa parceria entre o Comit\u00ea Ol\u00edmpico do Brasil (COB) e a Confedera\u00e7\u00e3o Brasileira de Taekwondo (CBTKD), Icaro Miguel (at\u00e9 80kg) e Milena Titoneli (at\u00e9 67kg), classificados para os pr\u00f3ximos Jogos Ol\u00edmpicos, ingressaram na Miss\u00e3o Europa no \u00faltimo dia 18 e, em Belgrado, est\u00e3o dando sequ\u00eancia \u00e0 prepara\u00e7\u00e3o para T\u00f3quio 2020. Ao lado de atletas da Dinamarca, Eslov\u00eania, Maced\u00f4nia e \u00c1ustria, entre outros pa\u00edses, eles est\u00e3o sendo acompanhados pelo treinador s\u00e9rvio Dragan Jovic, que orientou atletas na conquista de duas medalhas ol\u00edmpicas e dois t\u00edtulos mundiais.\u00a0<\/span><\/p>\n<p><span style=\"font-weight: 400;\">\u201cO Dragan \u00e9 um t\u00e9cnico de grandes resultados, assim como os nossos. Acredito que grandes mentes aprendendo em conjunto elevam o n\u00edvel do nosso esporte e nos aproximam de nossos objetivos pessoais\u201d, diz Icaro.<\/span><\/p>\n<p><span style=\"font-weight: 400;\">\u201cVoltar a ter viv\u00eancia de luta, com diferentes atletas e simulando competi\u00e7\u00f5es, \u00e9 muito importante. Estamos voltando a \u2018pegar o ritmo de competi\u00e7\u00e3o\u2019, ap\u00f3s seis meses de isolamento\u201d, conta Milena.<\/span><\/p>\n<p><span style=\"font-weight: 400;\">A dupla n\u00e3o chegou a ficar totalmente parada por muito tempo. Nos \u00faltimos meses, Icaro e Milena treinaram em uma ch\u00e1cara no interior de S\u00e3o Paulo, monitorados pelos treinadores da sele\u00e7\u00e3o brasileira, Clayton e Reginaldo dos Santos.\u00a0<\/span><\/p>\n<p><span style=\"font-weight: 400;\">\u201cO que realmente faltava era material humano. Devido \u00e0 pandemia, o grupo que estava na ch\u00e1cara era reduzido e, al\u00e9m disso, n\u00e3o estamos tendo eventos. A equipe que nos recebeu na S\u00e9rvia tem grandes resultados, com medalhistas ol\u00edmpicos e mundiais. Estar treinando em alto n\u00edvel, com grandes atletas, nos ajuda a subir ainda mais\u201d, avalia Icaro.<\/span><\/p>\n<p><span style=\"font-weight: 400;\">\u201cEst\u00e1 sendo um per\u00edodo muito produtivo para mim. Estamos aprendendo com eles, e eles conosco. Outro aspecto que tem sido extremamente importante para n\u00f3s \u00e9 que estamos fazendo treinos com colete eletr\u00f4nico\u201d, explica Milena.<\/span><\/p>\n<p><span style=\"font-weight: 400;\">A delega\u00e7\u00e3o brasileira conta ainda com os <\/span><i><span style=\"font-weight: 400;\">sparrings<\/span><\/i><span style=\"font-weight: 400;\"> Caroline Gomes e Henrique Precioso e os treinadores Clayton dos Santos, Diego Ribeiro e Reginaldo Santos, al\u00e9m do fisioterapeuta F\u00e1bio Lins. Outros atletas brasileiros tamb\u00e9m se incorporaram por conta pr\u00f3pria. De l\u00e1, eles devem ter novo per\u00edodo de treinos, dessa vez na Cro\u00e1cia, em novembro. A Miss\u00e3o Europa \u00e9 mais um passo no caminho para T\u00f3quio, depois da classifica\u00e7\u00e3o conquistada no Pr\u00e9-ol\u00edmpico da Costa Rica, em mar\u00e7o.<\/span><\/p>\n<p><span style=\"font-weight: 400;\">\u201cEstar nos Jogos Ol\u00edmpicos sempre foi meu sonho. Quero chegar l\u00e1 e fazer hist\u00f3ria. Sempre passa na minha mente tudo que foi feito at\u00e9 chegarmos a essa vaga. Foram muitos dias de luta, muitos dias de supera\u00e7\u00e3o, mas n\u00e3o estamos nem no come\u00e7o. Estou disposta a dar meu 100% todos os dias, assim como sempre estive. \u00c9 um sonho que estou em busca de realizar\u201d, afirma Milena.<\/span><\/p>\n<p><strong>Fonte:<\/strong> COB<\/p>\n","protected":false},"excerpt":{"rendered":"<p>H\u00e1 duas semanas, a S\u00e9rvia se tornou mais um pa\u00eds a acolher atletas brasileiros que buscam melhores condi\u00e7\u00f5es de treino depois do auge da pandemia do novo coronav\u00edrus. At\u00e9 agora, os outros s\u00e3o Portugal, que recebe atualmente delega\u00e7\u00f5es de marcha atl\u00e9tica, ciclismo BMX e rugby sevens; Fran\u00e7a e Rep\u00fablica Tcheca, onde treinam, respectivamente, Ana S\u00e1tila [&hellip;]<\/p>\n","protected":false},"author":96,"featured_media":170357,"comment_status":"closed","ping_status":"closed","sticky":false,"template":"","format":"standard","meta":{"footnotes":""},"categories":[436,257,439],"tags":[],"class_list":["post-170356","post","type-post","status-publish","format-standard","has-post-thumbnail","hentry","category-destaque-da-semana","category-esporte","category-ultima-hora"],"_links":{"self":[{"href":"https:\/\/diarioregionaldigital.com.br\/index.php?rest_route=\/wp\/v2\/posts\/170356","targetHints":{"allow":["GET"]}}],"collection":[{"href":"https:\/\/diarioregionaldigital.com.br\/index.php?rest_route=\/wp\/v2\/posts"}],"about":[{"href":"https:\/\/diarioregionaldigital.com.br\/index.php?rest_route=\/wp\/v2\/types\/post"}],"author":[{"embeddable":true,"href":"https:\/\/diarioregionaldigital.com.br\/index.php?rest_route=\/wp\/v2\/users\/96"}],"replies":[{"embeddable":true,"href":"https:\/\/diarioregionaldigital.com.br\/index.php?rest_route=%2Fwp%2Fv2%2Fcomments&post=170356"}],"version-history":[{"count":0,"href":"https:\/\/diarioregionaldigital.com.br\/index.php?rest_route=\/wp\/v2\/posts\/170356\/revisions"}],"wp:featuredmedia":[{"embeddable":true,"href":"https:\/\/diarioregionaldigital.com.br\/index.php?rest_route=\/wp\/v2\/media\/170357"}],"wp:attachment":[{"href":"https:\/\/diarioregionaldigital.com.br\/index.php?rest_route=%2Fwp%2Fv2%2Fmedia&parent=170356"}],"wp:term":[{"taxonomy":"category","embeddable":true,"href":"https:\/\/diarioregionaldigital.com.br\/index.php?rest_route=%2Fwp%2Fv2%2Fcategories&post=170356"},{"taxonomy":"post_tag","embeddable":true,"href":"https:\/\/diarioregionaldigital.com.br\/index.php?rest_route=%2Fwp%2Fv2%2Ftags&post=170356"}],"curies":[{"name":"wp","href":"https:\/\/api.w.org\/{rel}","templated":true}]}}