{"id":170254,"date":"2020-10-02T12:41:35","date_gmt":"2020-10-02T15:41:35","guid":{"rendered":"https:\/\/diarioregionaldigital.com.br\/?p=170254"},"modified":"2020-10-02T12:41:35","modified_gmt":"2020-10-02T15:41:35","slug":"museu-tera-programacao-de-conteudos-dedicados-a-datas-que-celebram-o-dia-do-poeta","status":"publish","type":"post","link":"https:\/\/diarioregionaldigital.com.br\/?p=170254","title":{"rendered":"Museu ter\u00e1 programa\u00e7\u00e3o de conte\u00fados dedicados a datas que celebram o \u201cDia do poeta\u201d"},"content":{"rendered":"<p>Em outubro s\u00e3o celebrados os dias \u201cInternacional\u201d e \u201cNacional do Poeta\u201d. E para destacar a presen\u00e7a de diversos autores no acervo do Museu &#8220;Mariano Proc\u00f3pio&#8221; ser\u00e3o publicados nas redes sociais da institui\u00e7\u00e3o conte\u00fados sobre a obra de Belmiro Braga, E\u00e7a de Queir\u00f3s e Machado de Assis, entre outros. Neste domingo, 4, ser\u00e1 a vez da celebra\u00e7\u00e3o brasileira, quando haver\u00e1 apresenta\u00e7\u00e3o, em v\u00eddeo, pelo historiador S\u00e9rgio Augusto Vicente, de alguns itens do arquivo hist\u00f3rico e da biblioteca.<\/p>\n<p>Para a primeira edi\u00e7\u00e3o no m\u00eas do projeto &#8220;A Pe\u00e7a da Semana&#8221;, em destaque a obra do poeta juiz-forano Belmiro Braga. Al\u00e9m do conte\u00fado com informa\u00e7\u00f5es a respeito do autor e foto, foi produzido v\u00eddeo especialmente para as datas que celebram personagens desse g\u00eanero liter\u00e1rio. No acervo do Museu est\u00e3o cartas, dedicat\u00f3rias, aut\u00f3grafos e versos de algumas figuras de grande reconhecimento, como alguns itens pertencentes \u00e0 &#8220;Cole\u00e7\u00e3o Viscondessa de Cavalcanti&#8221;, importante doadora, sobrinha do comendador Mariano Proc\u00f3pio e prima de Alfredo Ferreira Lage, fundador da institui\u00e7\u00e3o.<\/p>\n<p>Dentre as curiosidades que refor\u00e7am a presen\u00e7a da poesia no Museu, pr\u00f3ximo ao port\u00e3o de acesso da Rua Dom Pedro II est\u00e1, junto \u00e0s jabuticabeiras, placa com o poema de Manuel Bandeira, \u201cDeclara\u00e7\u00e3o de Amor\u201d, escrito em homenagem a Juiz de Fora. Ao longo da semana ser\u00e3o publicadas imagens e conte\u00fados referentes ao tema, e para acompanhar, basta seguir as redes sociais do Museu (<a href=\"https:\/\/www.facebook.com\/museu.marianoprocopio\">facebook.com\/museu.marianoprocopio<\/a>, e instagram, @museumarianoprocopio).<\/p>\n<p><strong>Fonte:\u00a0<\/strong>Assessoria<\/p>\n","protected":false},"excerpt":{"rendered":"<p>Em outubro s\u00e3o celebrados os dias \u201cInternacional\u201d e \u201cNacional do Poeta\u201d. E para destacar a presen\u00e7a de diversos autores no acervo do Museu &#8220;Mariano Proc\u00f3pio&#8221; ser\u00e3o publicados nas redes sociais da institui\u00e7\u00e3o conte\u00fados sobre a obra de Belmiro Braga, E\u00e7a de Queir\u00f3s e Machado de Assis, entre outros. Neste domingo, 4, ser\u00e1 a vez da [&hellip;]<\/p>\n","protected":false},"author":96,"featured_media":170255,"comment_status":"closed","ping_status":"closed","sticky":false,"template":"","format":"standard","meta":{"footnotes":""},"categories":[256,436,262,439],"tags":[],"class_list":["post-170254","post","type-post","status-publish","format-standard","has-post-thumbnail","hentry","category-cultura","category-destaque-da-semana","category-noticias","category-ultima-hora"],"_links":{"self":[{"href":"https:\/\/diarioregionaldigital.com.br\/index.php?rest_route=\/wp\/v2\/posts\/170254","targetHints":{"allow":["GET"]}}],"collection":[{"href":"https:\/\/diarioregionaldigital.com.br\/index.php?rest_route=\/wp\/v2\/posts"}],"about":[{"href":"https:\/\/diarioregionaldigital.com.br\/index.php?rest_route=\/wp\/v2\/types\/post"}],"author":[{"embeddable":true,"href":"https:\/\/diarioregionaldigital.com.br\/index.php?rest_route=\/wp\/v2\/users\/96"}],"replies":[{"embeddable":true,"href":"https:\/\/diarioregionaldigital.com.br\/index.php?rest_route=%2Fwp%2Fv2%2Fcomments&post=170254"}],"version-history":[{"count":0,"href":"https:\/\/diarioregionaldigital.com.br\/index.php?rest_route=\/wp\/v2\/posts\/170254\/revisions"}],"wp:featuredmedia":[{"embeddable":true,"href":"https:\/\/diarioregionaldigital.com.br\/index.php?rest_route=\/wp\/v2\/media\/170255"}],"wp:attachment":[{"href":"https:\/\/diarioregionaldigital.com.br\/index.php?rest_route=%2Fwp%2Fv2%2Fmedia&parent=170254"}],"wp:term":[{"taxonomy":"category","embeddable":true,"href":"https:\/\/diarioregionaldigital.com.br\/index.php?rest_route=%2Fwp%2Fv2%2Fcategories&post=170254"},{"taxonomy":"post_tag","embeddable":true,"href":"https:\/\/diarioregionaldigital.com.br\/index.php?rest_route=%2Fwp%2Fv2%2Ftags&post=170254"}],"curies":[{"name":"wp","href":"https:\/\/api.w.org\/{rel}","templated":true}]}}