{"id":170250,"date":"2020-10-02T12:32:12","date_gmt":"2020-10-02T15:32:12","guid":{"rendered":"https:\/\/diarioregionaldigital.com.br\/?p=170250"},"modified":"2020-10-02T12:32:12","modified_gmt":"2020-10-02T15:32:12","slug":"hortifruti-e-assaltado-por-dois-individuos-no-bairro-previdenciarios","status":"publish","type":"post","link":"https:\/\/diarioregionaldigital.com.br\/?p=170250","title":{"rendered":"Hortifruti \u00e9 assaltado por dois indiv\u00edduos no Bairro Previdenci\u00e1rios"},"content":{"rendered":"<p>Na tarde de quinta-feira (1), um hortifruti localizado no Bairro Previdenci\u00e1rios (Regi\u00e3o Sul), foi assaltado por dois indiv\u00edduos, sendo que um deles estava com posse de faca e encostou com a arma no pesco\u00e7o de uma das v\u00edtimas. Ao todo, os suspeitos roubaram a quantia de R$ 100,00 e dois aparelhos celulares. Dentro de uma mochila, colocaram v\u00e1rios produtos do mercado como queijos, pizzas, frango e uma faca de cabo branco. Um das v\u00edtimas relatou \u00e0 Pol\u00edcia Militar (PM) que teve seu celular roubado pelos assaltantes. Ap\u00f3s o ato, os suspeitos fugiram a p\u00e9 em dire\u00e7\u00e3o ao Bairro Vale Verde, portanto n\u00e3o foram encontrados.<\/p>\n","protected":false},"excerpt":{"rendered":"<p>Na tarde de quinta-feira (1), um hortifruti localizado no Bairro Previdenci\u00e1rios (Regi\u00e3o Sul), foi assaltado por dois indiv\u00edduos, sendo que um deles estava com posse de faca e encostou com a arma no pesco\u00e7o de uma das v\u00edtimas. Ao todo, os suspeitos roubaram a quantia de R$ 100,00 e dois aparelhos celulares. Dentro de uma [&hellip;]<\/p>\n","protected":false},"author":96,"featured_media":165308,"comment_status":"closed","ping_status":"closed","sticky":false,"template":"","format":"standard","meta":{"footnotes":""},"categories":[301,439],"tags":[],"class_list":["post-170250","post","type-post","status-publish","format-standard","has-post-thumbnail","hentry","category-artigos-policiais","category-ultima-hora"],"_links":{"self":[{"href":"https:\/\/diarioregionaldigital.com.br\/index.php?rest_route=\/wp\/v2\/posts\/170250","targetHints":{"allow":["GET"]}}],"collection":[{"href":"https:\/\/diarioregionaldigital.com.br\/index.php?rest_route=\/wp\/v2\/posts"}],"about":[{"href":"https:\/\/diarioregionaldigital.com.br\/index.php?rest_route=\/wp\/v2\/types\/post"}],"author":[{"embeddable":true,"href":"https:\/\/diarioregionaldigital.com.br\/index.php?rest_route=\/wp\/v2\/users\/96"}],"replies":[{"embeddable":true,"href":"https:\/\/diarioregionaldigital.com.br\/index.php?rest_route=%2Fwp%2Fv2%2Fcomments&post=170250"}],"version-history":[{"count":0,"href":"https:\/\/diarioregionaldigital.com.br\/index.php?rest_route=\/wp\/v2\/posts\/170250\/revisions"}],"wp:featuredmedia":[{"embeddable":true,"href":"https:\/\/diarioregionaldigital.com.br\/index.php?rest_route=\/wp\/v2\/media\/165308"}],"wp:attachment":[{"href":"https:\/\/diarioregionaldigital.com.br\/index.php?rest_route=%2Fwp%2Fv2%2Fmedia&parent=170250"}],"wp:term":[{"taxonomy":"category","embeddable":true,"href":"https:\/\/diarioregionaldigital.com.br\/index.php?rest_route=%2Fwp%2Fv2%2Fcategories&post=170250"},{"taxonomy":"post_tag","embeddable":true,"href":"https:\/\/diarioregionaldigital.com.br\/index.php?rest_route=%2Fwp%2Fv2%2Ftags&post=170250"}],"curies":[{"name":"wp","href":"https:\/\/api.w.org\/{rel}","templated":true}]}}