{"id":170232,"date":"2020-10-02T10:45:59","date_gmt":"2020-10-02T13:45:59","guid":{"rendered":"https:\/\/diarioregionaldigital.com.br\/?p=170232"},"modified":"2020-10-02T10:45:59","modified_gmt":"2020-10-02T13:45:59","slug":"estado-ultrapassa-a-marca-de-300-mil-casos-confirmados-por-covid-19","status":"publish","type":"post","link":"https:\/\/diarioregionaldigital.com.br\/?p=170232","title":{"rendered":"Estado ultrapassa a marca de 300 mil casos confirmados por Covid-19"},"content":{"rendered":"<p>O novo<a href=\"https:\/\/www.saude.mg.gov.br\/images\/noticias_e_eventos\/000_2020\/Boletins_Corona\/02.10-Boletim-Epidemiologico_COVID-19_MG.pdf\">\u00a0boletim epidemiol\u00f3gico<\/a> divulgado nesta sexta-feira (2) pela Secretaria de Estado da Sa\u00fade de Minas Gerais (SES-MG), informa que o estado acumula 302.082 casos confirmados de Covid-19. Nas \u00faltimas 24h, foram registrados 3.475 pessoas infectadas. Conforme o levantamento, houve aumento de mais 66 \u00f3bitos, acumulando 7.502 mortes pela doen\u00e7a. Os dados indicam que 4.274 v\u00edtimas s\u00e3o do sexo masculino e 3.228 s\u00e3o do feminino. Al\u00e9m disso, 266.913 pacientes est\u00e3o recuperados da doen\u00e7a, representando 87,3% dos casos e 27.667 fazem acompanhamento m\u00e9dico.<\/p>\n<p>Conforme a SES-MG, foram feitos 145.049 testes laboratoriais, sendo que 37.727 deram positivo, 103.096 deram negativo e 1.352 est\u00e3o sob an\u00e1lise. Quanto aos dados de hospitaliza\u00e7\u00e3o, 29.778 pessoas est\u00e3o internadas e 272.304 est\u00e3o em isolamento domiciliar.<\/p>\n","protected":false},"excerpt":{"rendered":"<p>O novo\u00a0boletim epidemiol\u00f3gico divulgado nesta sexta-feira (2) pela Secretaria de Estado da Sa\u00fade de Minas Gerais (SES-MG), informa que o estado acumula 302.082 casos confirmados de Covid-19. Nas \u00faltimas 24h, foram registrados 3.475 pessoas infectadas. Conforme o levantamento, houve aumento de mais 66 \u00f3bitos, acumulando 7.502 mortes pela doen\u00e7a. Os dados indicam que 4.274 v\u00edtimas [&hellip;]<\/p>\n","protected":false},"author":96,"featured_media":160492,"comment_status":"closed","ping_status":"closed","sticky":false,"template":"","format":"standard","meta":{"footnotes":""},"categories":[436,440,252,439],"tags":[],"class_list":["post-170232","post","type-post","status-publish","format-standard","has-post-thumbnail","hentry","category-destaque-da-semana","category-destaques-do-dia","category-regiao","category-ultima-hora"],"_links":{"self":[{"href":"https:\/\/diarioregionaldigital.com.br\/index.php?rest_route=\/wp\/v2\/posts\/170232","targetHints":{"allow":["GET"]}}],"collection":[{"href":"https:\/\/diarioregionaldigital.com.br\/index.php?rest_route=\/wp\/v2\/posts"}],"about":[{"href":"https:\/\/diarioregionaldigital.com.br\/index.php?rest_route=\/wp\/v2\/types\/post"}],"author":[{"embeddable":true,"href":"https:\/\/diarioregionaldigital.com.br\/index.php?rest_route=\/wp\/v2\/users\/96"}],"replies":[{"embeddable":true,"href":"https:\/\/diarioregionaldigital.com.br\/index.php?rest_route=%2Fwp%2Fv2%2Fcomments&post=170232"}],"version-history":[{"count":0,"href":"https:\/\/diarioregionaldigital.com.br\/index.php?rest_route=\/wp\/v2\/posts\/170232\/revisions"}],"wp:featuredmedia":[{"embeddable":true,"href":"https:\/\/diarioregionaldigital.com.br\/index.php?rest_route=\/wp\/v2\/media\/160492"}],"wp:attachment":[{"href":"https:\/\/diarioregionaldigital.com.br\/index.php?rest_route=%2Fwp%2Fv2%2Fmedia&parent=170232"}],"wp:term":[{"taxonomy":"category","embeddable":true,"href":"https:\/\/diarioregionaldigital.com.br\/index.php?rest_route=%2Fwp%2Fv2%2Fcategories&post=170232"},{"taxonomy":"post_tag","embeddable":true,"href":"https:\/\/diarioregionaldigital.com.br\/index.php?rest_route=%2Fwp%2Fv2%2Ftags&post=170232"}],"curies":[{"name":"wp","href":"https:\/\/api.w.org\/{rel}","templated":true}]}}