{"id":170214,"date":"2020-10-02T10:23:27","date_gmt":"2020-10-02T13:23:27","guid":{"rendered":"https:\/\/diarioregionaldigital.com.br\/?p=170214"},"modified":"2020-10-02T10:23:27","modified_gmt":"2020-10-02T13:23:27","slug":"ministerio-da-saude-reforca-cuidados-com-idosos-durante-a-pandemia","status":"publish","type":"post","link":"https:\/\/diarioregionaldigital.com.br\/?p=170214","title":{"rendered":"Minist\u00e9rio da Sa\u00fade refor\u00e7a cuidados com idosos durante a pandemia"},"content":{"rendered":"<p>No Dia Internacional e Nacional do Idoso (1\u00ba de outubro), o Minist\u00e9rio da Sa\u00fade visa sensibilizar a sociedade para as quest\u00f5es do envelhecimento e sobre a necessidade de prote\u00e7\u00e3o a sa\u00fade das pessoas idosas. Durante a pandemia da Covid-19, esses cuidados est\u00e3o sendo redobrados, j\u00e1 que pessoas com 60 anos ou mais apresentam maior risco de complica\u00e7\u00f5es e letalidade pelo coronav\u00edrus.<\/p>\n<p>Atualmente, no Brasil, a popula\u00e7\u00e3o idosa \u00e9 de aproximadamente 30 milh\u00f5es de pessoas. Desses, cerca de 60% apresentam hipertens\u00e3o arterial sist\u00eamica e 23% diabetes mellitus, segundo o inqu\u00e9rito Vigil\u00e2ncia de Fatores de Risco para doen\u00e7as cr\u00f4nicas n\u00e3o transmiss\u00edveis (Vigitel), de 2018. Essas condi\u00e7\u00f5es podem agravar a doen\u00e7a se houver um cont\u00e1gio pela Covid-19.<\/p>\n<p>De acordo com o Estudo Longitudinal da Sa\u00fade dos Idosos Brasileiros (Elsi-Brasil), 75,3% dos idosos brasileiros dependem exclusivamente dos servi\u00e7os prestados pelo Sistema \u00danico de Sa\u00fade (SUS), sendo que 83,1% realizaram pelo menos uma consulta m\u00e9dica nos \u00faltimos 12 meses.<\/p>\n<p>Nesse sentido, focando na import\u00e2ncia da organiza\u00e7\u00e3o da rede de aten\u00e7\u00e3o \u00e0 sa\u00fade para atender a essa popula\u00e7\u00e3o, o Minist\u00e9rio da Sa\u00fade promove diversas a\u00e7\u00f5es para ampliar a aten\u00e7\u00e3o aos idosos em comunidades e em locais que servem de moradia a essa popula\u00e7\u00e3o, medidas que foram refor\u00e7adas desde o in\u00edcio da pandemia.<\/p>\n<p>J\u00e1 foram investidos mais de R$ 381 milh\u00f5es na distribui\u00e7\u00e3o de 15.150.356 testes de Covid-19 aos estados (7.132.276 PCR e 8.018.080 testes r\u00e1pidos), al\u00e9m da disponibiliza\u00e7\u00e3o de 282.975.136 Equipamentos de Prote\u00e7\u00e3o Individual (EPIs), que representam R$ 610.545.558,42 de recursos executados aos estados e capitais.<\/p>\n<h2><strong>Orienta\u00e7\u00f5es<\/strong><\/h2>\n<p>Em abril, a pasta participou da constru\u00e7\u00e3o do Plano Nacional de Conting\u00eancia para o Cuidado \u00e0 Pessoa Idosa Institucionalizada na Pandemia da Covid-19, estrat\u00e9gia que reuniu diversas medidas de preven\u00e7\u00e3o, prote\u00e7\u00e3o e recupera\u00e7\u00e3o da sa\u00fade dos idosos que vivem em Institui\u00e7\u00f5es de Longa Perman\u00eancia (ILPI).<\/p>\n<p>As recomenda\u00e7\u00f5es do Minist\u00e9rio da Sa\u00fade incluem medidas de higiene, controle do fluxo de pessoas nos estabelecimentos, proibi\u00e7\u00e3o de aglomera\u00e7\u00f5es, e a orienta\u00e7\u00e3o de isolamento para idosos que apresentarem sintomas.<\/p>\n<p>Para as Institui\u00e7\u00f5es de Longa Perman\u00eancia (ILPI) \u00e9 refor\u00e7ada a necessidade do acompanhamento na Aten\u00e7\u00e3o Prim\u00e1ria \u00e0 Sa\u00fade, com orienta\u00e7\u00f5es para eventuais interna\u00e7\u00f5es e visitas peri\u00f3dicas das equipes da Sa\u00fade da Fam\u00edlia nas institui\u00e7\u00f5es, al\u00e9m da articula\u00e7\u00e3o com o Sistema \u00danico de Assist\u00eancia Social (SUAS) para preven\u00e7\u00e3o e controle de infec\u00e7\u00f5es pelo coronav\u00edrus. Nas ILPI, est\u00e3o 31.725 profissionais que atuam e convivem com 78.216 idosos.<\/p>\n<p>Estados e munic\u00edpios s\u00e3o orientados a suspenderem as atividades coletivas nos Centros de Refer\u00eancia em Sa\u00fade da Pessoa Idosa e nos Centros de Conviv\u00eancia do Idoso no Sistema \u00danico de Sa\u00fade, j\u00e1 que os espa\u00e7os atendem, na maioria, idosos que apresentam comorbidades.<\/p>\n<h2><strong>Acompanhamento e preven\u00e7\u00e3o<\/strong><\/h2>\n<p>Devido \u00e0 import\u00e2ncia de n\u00e3o interromper o acompanhamento da sa\u00fade dos pacientes idosos no SUS, a orienta\u00e7\u00e3o \u00e9 buscar alternativas como as visitas domiciliares.<\/p>\n<p>Durante a campanha de vacina\u00e7\u00e3o contra a gripe deste ano, o Minist\u00e9rio da Sa\u00fade priorizou as mais de 30 milh\u00f5es de pessoas idosas no pa\u00eds. Entre elas, as que se encontram em institui\u00e7\u00f5es de acolhimento, em um investimento total de R$ 1 bilh\u00e3o na aquisi\u00e7\u00e3o de 75 milh\u00f5es de doses.<\/p>\n<p><strong>Fonte:\u00a0<\/strong>Ag\u00eancia Sa\u00fade<\/p>\n","protected":false},"excerpt":{"rendered":"<p>No Dia Internacional e Nacional do Idoso (1\u00ba de outubro), o Minist\u00e9rio da Sa\u00fade visa sensibilizar a sociedade para as quest\u00f5es do envelhecimento e sobre a necessidade de prote\u00e7\u00e3o a sa\u00fade das pessoas idosas. Durante a pandemia da Covid-19, esses cuidados est\u00e3o sendo redobrados, j\u00e1 que pessoas com 60 anos ou mais apresentam maior risco [&hellip;]<\/p>\n","protected":false},"author":96,"featured_media":170215,"comment_status":"closed","ping_status":"closed","sticky":false,"template":"","format":"standard","meta":{"footnotes":""},"categories":[436,440,254,439],"tags":[],"class_list":["post-170214","post","type-post","status-publish","format-standard","has-post-thumbnail","hentry","category-destaque-da-semana","category-destaques-do-dia","category-politica","category-ultima-hora"],"_links":{"self":[{"href":"https:\/\/diarioregionaldigital.com.br\/index.php?rest_route=\/wp\/v2\/posts\/170214","targetHints":{"allow":["GET"]}}],"collection":[{"href":"https:\/\/diarioregionaldigital.com.br\/index.php?rest_route=\/wp\/v2\/posts"}],"about":[{"href":"https:\/\/diarioregionaldigital.com.br\/index.php?rest_route=\/wp\/v2\/types\/post"}],"author":[{"embeddable":true,"href":"https:\/\/diarioregionaldigital.com.br\/index.php?rest_route=\/wp\/v2\/users\/96"}],"replies":[{"embeddable":true,"href":"https:\/\/diarioregionaldigital.com.br\/index.php?rest_route=%2Fwp%2Fv2%2Fcomments&post=170214"}],"version-history":[{"count":0,"href":"https:\/\/diarioregionaldigital.com.br\/index.php?rest_route=\/wp\/v2\/posts\/170214\/revisions"}],"wp:featuredmedia":[{"embeddable":true,"href":"https:\/\/diarioregionaldigital.com.br\/index.php?rest_route=\/wp\/v2\/media\/170215"}],"wp:attachment":[{"href":"https:\/\/diarioregionaldigital.com.br\/index.php?rest_route=%2Fwp%2Fv2%2Fmedia&parent=170214"}],"wp:term":[{"taxonomy":"category","embeddable":true,"href":"https:\/\/diarioregionaldigital.com.br\/index.php?rest_route=%2Fwp%2Fv2%2Fcategories&post=170214"},{"taxonomy":"post_tag","embeddable":true,"href":"https:\/\/diarioregionaldigital.com.br\/index.php?rest_route=%2Fwp%2Fv2%2Ftags&post=170214"}],"curies":[{"name":"wp","href":"https:\/\/api.w.org\/{rel}","templated":true}]}}