{"id":170204,"date":"2020-10-02T06:00:41","date_gmt":"2020-10-02T09:00:41","guid":{"rendered":"https:\/\/diarioregionaldigital.com.br\/?p=170204"},"modified":"2020-10-02T01:44:28","modified_gmt":"2020-10-02T04:44:28","slug":"prefeitura-municipal-de-tocantins-licitacao-no119-02-10-2020","status":"publish","type":"post","link":"https:\/\/diarioregionaldigital.com.br\/?p=170204","title":{"rendered":"Prefeitura Municipal de Tocantins &#8211; Licita\u00e7\u00e3o n\u00ba119 &#8211; 02\/10\/2020"},"content":{"rendered":"<p style=\"text-align: center;\"><strong>PREFEITURA MUNICIPAL DE TOCANTINS \/ MG<\/strong><\/p>\n<p style=\"text-align: center;\"><strong>AVISO DE LICITA\u00c7\u00c3O<\/strong><\/p>\n<p style=\"text-align: center;\"><strong>Licita\u00e7\u00e3o n\u00b0 119\/2020<\/strong><\/p>\n<p style=\"text-align: center;\"><strong>Modalidade de PREG\u00c3O n\u00b0 050\/2020<\/strong><\/p>\n<p style=\"text-align: center;\">O Munic\u00edpio de TOCANTINS-MG, na forma da lei, faz saber a todos os interessados que far\u00e1 licita\u00e7\u00e3o na modalidade de\u00a0<strong>PREG\u00c3O PRESENCIAL<\/strong>, menor pre\u00e7o por item tendo como objeto principal a PRESTA\u00c7\u00c3O DE SERVI\u00c7OS DE HORAS DE M\u00c1QUINA ESCAVADEIRA HIDR\u00c1ULICA, TRATOR DE ESTEIRA E RETROESCAVADEIRA, nas quantidades, modelos e caracter\u00edsticas definidas no edital. A sess\u00e3o p\u00fablica se dar\u00e1 no dia 14\/10\/2020 as 08:00 horas na sala da comiss\u00e3o de licita\u00e7\u00e3o, localizada na Av. Padre Mac\u00e1rio, n\u00b0 129, bairro Centro, munic\u00edpio de TOCANTINS\/MG. O edital completo encontra-se a disposi\u00e7\u00e3o dos interessados no endere\u00e7o citado anteriormente, no hor\u00e1rio de expediente de 07:00 as 11:00 horas e ou endere\u00e7o eletr\u00f4nico\u00a0<a href=\"http:\/\/tocantins.mg.gov.br\/\">http:\/\/tocantins.mg.gov.br\/<\/a>. TOCANTINS\/MG, 01 de OUTUBRO de 2020.<\/p>\n<p style=\"text-align: center;\">\u00a0__________________________________________<\/p>\n<p style=\"text-align: center;\"><strong>LUIZ FERNANDO BARBOSA DA SILVA<\/strong><\/p>\n<p style=\"text-align: center;\"><strong>Pregoeiro<\/strong><\/p>\n","protected":false},"excerpt":{"rendered":"<p>PREFEITURA MUNICIPAL DE TOCANTINS \/ MG AVISO DE LICITA\u00c7\u00c3O Licita\u00e7\u00e3o n\u00b0 119\/2020 Modalidade de PREG\u00c3O n\u00b0 050\/2020 O Munic\u00edpio de TOCANTINS-MG, na forma da lei, faz saber a todos os interessados que far\u00e1 licita\u00e7\u00e3o na modalidade de\u00a0PREG\u00c3O PRESENCIAL, menor pre\u00e7o por item tendo como objeto principal a PRESTA\u00c7\u00c3O DE SERVI\u00c7OS DE HORAS DE M\u00c1QUINA ESCAVADEIRA [&hellip;]<\/p>\n","protected":false},"author":96,"featured_media":0,"comment_status":"closed","ping_status":"closed","sticky":false,"template":"","format":"standard","meta":{"footnotes":""},"categories":[307],"tags":[],"class_list":["post-170204","post","type-post","status-publish","format-standard","hentry","category-editais"],"_links":{"self":[{"href":"https:\/\/diarioregionaldigital.com.br\/index.php?rest_route=\/wp\/v2\/posts\/170204","targetHints":{"allow":["GET"]}}],"collection":[{"href":"https:\/\/diarioregionaldigital.com.br\/index.php?rest_route=\/wp\/v2\/posts"}],"about":[{"href":"https:\/\/diarioregionaldigital.com.br\/index.php?rest_route=\/wp\/v2\/types\/post"}],"author":[{"embeddable":true,"href":"https:\/\/diarioregionaldigital.com.br\/index.php?rest_route=\/wp\/v2\/users\/96"}],"replies":[{"embeddable":true,"href":"https:\/\/diarioregionaldigital.com.br\/index.php?rest_route=%2Fwp%2Fv2%2Fcomments&post=170204"}],"version-history":[{"count":0,"href":"https:\/\/diarioregionaldigital.com.br\/index.php?rest_route=\/wp\/v2\/posts\/170204\/revisions"}],"wp:attachment":[{"href":"https:\/\/diarioregionaldigital.com.br\/index.php?rest_route=%2Fwp%2Fv2%2Fmedia&parent=170204"}],"wp:term":[{"taxonomy":"category","embeddable":true,"href":"https:\/\/diarioregionaldigital.com.br\/index.php?rest_route=%2Fwp%2Fv2%2Fcategories&post=170204"},{"taxonomy":"post_tag","embeddable":true,"href":"https:\/\/diarioregionaldigital.com.br\/index.php?rest_route=%2Fwp%2Fv2%2Ftags&post=170204"}],"curies":[{"name":"wp","href":"https:\/\/api.w.org\/{rel}","templated":true}]}}