{"id":170200,"date":"2020-10-02T06:00:56","date_gmt":"2020-10-02T09:00:56","guid":{"rendered":"https:\/\/diarioregionaldigital.com.br\/?p=170200"},"modified":"2020-10-02T01:16:56","modified_gmt":"2020-10-02T04:16:56","slug":"170200","status":"publish","type":"post","link":"https:\/\/diarioregionaldigital.com.br\/?p=170200","title":{"rendered":"Na Moda"},"content":{"rendered":"<p style=\"text-align: center;\"><strong>Que Maravilha<\/strong><\/p>\n<p style=\"text-align: center;\">A turma da Unimed\/JF liderada pelo diretor Darlan Kneipp assistiram entusiasmados o in\u00edcio dos servi\u00e7os de limpeza e recupera\u00e7\u00e3o da Pra\u00e7a Jarbas de Lery Santos, em S\u00e3o Mateus. A Unimed que adotou a pra\u00e7a pretende, numa segunda etapa, promover uma consulta \u00e0 comunidade sobre as melhorias e sugest\u00f5es de equipamentos para a \u00e1rea de lazer.<\/p>\n<p style=\"text-align: center;\"><strong>Alerta <\/strong><\/p>\n<p style=\"text-align: center;\">Sa\u00fade Mental: com a pandemia do Coronav\u00edrus em alta na cidade de Covid-19 refor\u00e7a a necessidade de suporte a profissionais de sa\u00fade. Segundo pesquisa em Juiz de Fora, h\u00e1 preval\u00eancia significativa de sintomas da Sindrome de Burnout entre os que atuam na linha de frente de combate a doen\u00e7a em grande escala.<\/p>\n<p style=\"text-align: center;\"><strong>Movimento<\/strong><\/p>\n<p style=\"text-align: center;\">Para manter todos saud\u00e1veis, a 8\u00aa Corrida Solid\u00e1ria da Ascomcer acontece entre os dias 17 e 23 de outubro. As inscri\u00e7\u00f5es podem ser feitas no site Keep Sporting.<\/p>\n<p style=\"text-align: center;\"><strong>Serasa<\/strong><\/p>\n<p style=\"text-align: center;\">Em boa hora a Serasa promove uma nova edi\u00e7\u00e3o do Feir\u00e3o Limpa Nome que oferece 50% na renegocia\u00e7\u00e3o da d\u00edvida. A a\u00e7\u00e3o \u00e9 realizada em parceria com a Ativos S\/A e a Recovery e vale para d\u00e9bitos associados a estas recupedoras de cr\u00e9ditos. Para participar acesse o site da Serasa (www.serasa.com.br)<\/p>\n<p style=\"text-align: center;\"><strong><span style=\"font-size: 14pt;\">Na Moda<\/span><\/strong><\/p>\n<p style=\"text-align: center;\">Que as m\u00e1scaras s\u00e3o essenciais, todos j\u00e1 sabem. Que tal optar por uma vers\u00e3o estampada para animar o visual e arrasar pelas ruas Juiz de Fora. Sempre lembrando que em \u00e9poca de pandemia, m\u00e1scara \u00e9 vida.<\/p>\n<div id=\"attachment_170191\" style=\"width: 690px\" class=\"wp-caption aligncenter\"><img loading=\"lazy\" decoding=\"async\" aria-describedby=\"caption-attachment-170191\" class=\"wp-image-170191\" src=\"https:\/\/diarioregionaldigital.com.br\/wp-content\/uploads\/2020\/10\/fotoa-e1601611641316.jpg\" alt=\"\" width=\"680\" height=\"502\" srcset=\"https:\/\/diarioregionaldigital.com.br\/wp-content\/uploads\/2020\/10\/fotoa-e1601611641316.jpg 1068w, https:\/\/diarioregionaldigital.com.br\/wp-content\/uploads\/2020\/10\/fotoa-e1601611641316-300x221.jpg 300w, https:\/\/diarioregionaldigital.com.br\/wp-content\/uploads\/2020\/10\/fotoa-e1601611641316-1024x756.jpg 1024w, https:\/\/diarioregionaldigital.com.br\/wp-content\/uploads\/2020\/10\/fotoa-e1601611641316-768x567.jpg 768w, https:\/\/diarioregionaldigital.com.br\/wp-content\/uploads\/2020\/10\/fotoa-e1601611641316-360x266.jpg 360w\" sizes=\"auto, (max-width: 680px) 100vw, 680px\" \/><p id=\"caption-attachment-170191\" class=\"wp-caption-text\">Um foco de luz para a musa desta coluna social,Lara Spada<\/p><\/div>\n<div id=\"attachment_170192\" style=\"width: 690px\" class=\"wp-caption aligncenter\"><img loading=\"lazy\" decoding=\"async\" aria-describedby=\"caption-attachment-170192\" class=\"wp-image-170192\" src=\"https:\/\/diarioregionaldigital.com.br\/wp-content\/uploads\/2020\/10\/fotob-e1601611682455.jpg\" alt=\"\" width=\"680\" height=\"518\" srcset=\"https:\/\/diarioregionaldigital.com.br\/wp-content\/uploads\/2020\/10\/fotob-e1601611682455.jpg 768w, https:\/\/diarioregionaldigital.com.br\/wp-content\/uploads\/2020\/10\/fotob-e1601611682455-300x229.jpg 300w, https:\/\/diarioregionaldigital.com.br\/wp-content\/uploads\/2020\/10\/fotob-e1601611682455-360x274.jpg 360w\" sizes=\"auto, (max-width: 680px) 100vw, 680px\" \/><p id=\"caption-attachment-170192\" class=\"wp-caption-text\">O m\u00e9dico psiquiatra Helio F\u00e1del em destaque especial direto da ProSport para esta coluna social<\/p><\/div>\n<div id=\"attachment_170193\" style=\"width: 690px\" class=\"wp-caption aligncenter\"><img loading=\"lazy\" decoding=\"async\" aria-describedby=\"caption-attachment-170193\" class=\"wp-image-170193\" src=\"https:\/\/diarioregionaldigital.com.br\/wp-content\/uploads\/2020\/10\/fotoc-e1601611717227.jpg\" alt=\"\" width=\"680\" height=\"497\" srcset=\"https:\/\/diarioregionaldigital.com.br\/wp-content\/uploads\/2020\/10\/fotoc-e1601611717227.jpg 952w, https:\/\/diarioregionaldigital.com.br\/wp-content\/uploads\/2020\/10\/fotoc-e1601611717227-300x219.jpg 300w, https:\/\/diarioregionaldigital.com.br\/wp-content\/uploads\/2020\/10\/fotoc-e1601611717227-768x561.jpg 768w, https:\/\/diarioregionaldigital.com.br\/wp-content\/uploads\/2020\/10\/fotoc-e1601611717227-360x263.jpg 360w\" sizes=\"auto, (max-width: 680px) 100vw, 680px\" \/><p id=\"caption-attachment-170193\" class=\"wp-caption-text\">A bonita e elegante D\u00e9bora de Landa exibindo Joias de sua loja Kether<\/p><\/div>\n<div id=\"attachment_170194\" style=\"width: 690px\" class=\"wp-caption aligncenter\"><img loading=\"lazy\" decoding=\"async\" aria-describedby=\"caption-attachment-170194\" class=\"wp-image-170194\" src=\"https:\/\/diarioregionaldigital.com.br\/wp-content\/uploads\/2020\/10\/fotod-e1601611745591.jpg\" alt=\"\" width=\"680\" height=\"474\" srcset=\"https:\/\/diarioregionaldigital.com.br\/wp-content\/uploads\/2020\/10\/fotod-e1601611745591.jpg 909w, https:\/\/diarioregionaldigital.com.br\/wp-content\/uploads\/2020\/10\/fotod-e1601611745591-300x210.jpg 300w, https:\/\/diarioregionaldigital.com.br\/wp-content\/uploads\/2020\/10\/fotod-e1601611745591-768x535.jpg 768w, https:\/\/diarioregionaldigital.com.br\/wp-content\/uploads\/2020\/10\/fotod-e1601611745591-360x251.jpg 360w, https:\/\/diarioregionaldigital.com.br\/wp-content\/uploads\/2020\/10\/fotod-e1601611745591-100x70.jpg 100w\" sizes=\"auto, (max-width: 680px) 100vw, 680px\" \/><p id=\"caption-attachment-170194\" class=\"wp-caption-text\">Lindos no Matias V\u00e1rzea Clube, Raquel Cavalcanti e Jos\u00e9 Godeiro<\/p><\/div>\n<div id=\"attachment_170195\" style=\"width: 690px\" class=\"wp-caption aligncenter\"><img loading=\"lazy\" decoding=\"async\" aria-describedby=\"caption-attachment-170195\" class=\"wp-image-170195\" src=\"https:\/\/diarioregionaldigital.com.br\/wp-content\/uploads\/2020\/10\/fotoe-e1601611775790.jpg\" alt=\"\" width=\"680\" height=\"489\" srcset=\"https:\/\/diarioregionaldigital.com.br\/wp-content\/uploads\/2020\/10\/fotoe-e1601611775790.jpg 912w, https:\/\/diarioregionaldigital.com.br\/wp-content\/uploads\/2020\/10\/fotoe-e1601611775790-300x216.jpg 300w, https:\/\/diarioregionaldigital.com.br\/wp-content\/uploads\/2020\/10\/fotoe-e1601611775790-768x552.jpg 768w, https:\/\/diarioregionaldigital.com.br\/wp-content\/uploads\/2020\/10\/fotoe-e1601611775790-360x259.jpg 360w\" sizes=\"auto, (max-width: 680px) 100vw, 680px\" \/><p id=\"caption-attachment-170195\" class=\"wp-caption-text\">Formando lindo casal Patr\u00edcia Ramos Gomes e Heleno Almeida<\/p><\/div>\n<div id=\"attachment_170196\" style=\"width: 690px\" class=\"wp-caption aligncenter\"><img loading=\"lazy\" decoding=\"async\" aria-describedby=\"caption-attachment-170196\" class=\"wp-image-170196\" src=\"https:\/\/diarioregionaldigital.com.br\/wp-content\/uploads\/2020\/10\/fotof-e1601611818788.png\" alt=\"\" width=\"680\" height=\"473\" srcset=\"https:\/\/diarioregionaldigital.com.br\/wp-content\/uploads\/2020\/10\/fotof-e1601611818788.png 717w, https:\/\/diarioregionaldigital.com.br\/wp-content\/uploads\/2020\/10\/fotof-e1601611818788-300x210.png 300w, https:\/\/diarioregionaldigital.com.br\/wp-content\/uploads\/2020\/10\/fotof-e1601611818788-360x251.png 360w, https:\/\/diarioregionaldigital.com.br\/wp-content\/uploads\/2020\/10\/fotof-e1601611818788-100x70.png 100w\" sizes=\"auto, (max-width: 680px) 100vw, 680px\" \/><p id=\"caption-attachment-170196\" class=\"wp-caption-text\">Dois campe\u00f5es visitando esta coluna social, Carlos Henrique Cas\u00e9 e Caio Tagliatte Stenner<\/p><\/div>\n<div id=\"attachment_170197\" style=\"width: 690px\" class=\"wp-caption aligncenter\"><img loading=\"lazy\" decoding=\"async\" aria-describedby=\"caption-attachment-170197\" class=\"wp-image-170197\" src=\"https:\/\/diarioregionaldigital.com.br\/wp-content\/uploads\/2020\/10\/fotog-e1601611847734.jpg\" alt=\"\" width=\"680\" height=\"528\" srcset=\"https:\/\/diarioregionaldigital.com.br\/wp-content\/uploads\/2020\/10\/fotog-e1601611847734.jpg 720w, https:\/\/diarioregionaldigital.com.br\/wp-content\/uploads\/2020\/10\/fotog-e1601611847734-300x233.jpg 300w, https:\/\/diarioregionaldigital.com.br\/wp-content\/uploads\/2020\/10\/fotog-e1601611847734-360x280.jpg 360w\" sizes=\"auto, (max-width: 680px) 100vw, 680px\" \/><p id=\"caption-attachment-170197\" class=\"wp-caption-text\">Mulheres empoderadas: Regina Marujo Uzeda e Lalu Repetto<\/p><\/div>\n<div id=\"attachment_170198\" style=\"width: 690px\" class=\"wp-caption aligncenter\"><img loading=\"lazy\" decoding=\"async\" aria-describedby=\"caption-attachment-170198\" class=\"wp-image-170198\" src=\"https:\/\/diarioregionaldigital.com.br\/wp-content\/uploads\/2020\/10\/fotoh-e1601611889477.jpeg\" alt=\"\" width=\"680\" height=\"493\" srcset=\"https:\/\/diarioregionaldigital.com.br\/wp-content\/uploads\/2020\/10\/fotoh-e1601611889477.jpeg 809w, https:\/\/diarioregionaldigital.com.br\/wp-content\/uploads\/2020\/10\/fotoh-e1601611889477-300x217.jpeg 300w, https:\/\/diarioregionaldigital.com.br\/wp-content\/uploads\/2020\/10\/fotoh-e1601611889477-768x556.jpeg 768w, https:\/\/diarioregionaldigital.com.br\/wp-content\/uploads\/2020\/10\/fotoh-e1601611889477-360x261.jpeg 360w\" sizes=\"auto, (max-width: 680px) 100vw, 680px\" \/><p id=\"caption-attachment-170198\" class=\"wp-caption-text\">Na By Candy, Eduardo Gomes e Nayane Neto com o livro \u201cOrat\u00f3rio\u201d<\/p><\/div>\n<div id=\"attachment_170199\" style=\"width: 690px\" class=\"wp-caption aligncenter\"><img loading=\"lazy\" decoding=\"async\" aria-describedby=\"caption-attachment-170199\" class=\"wp-image-170199\" src=\"https:\/\/diarioregionaldigital.com.br\/wp-content\/uploads\/2020\/10\/fotoi.jpg\" alt=\"\" width=\"680\" height=\"454\" srcset=\"https:\/\/diarioregionaldigital.com.br\/wp-content\/uploads\/2020\/10\/fotoi.jpg 1440w, https:\/\/diarioregionaldigital.com.br\/wp-content\/uploads\/2020\/10\/fotoi-300x200.jpg 300w, https:\/\/diarioregionaldigital.com.br\/wp-content\/uploads\/2020\/10\/fotoi-1024x683.jpg 1024w, https:\/\/diarioregionaldigital.com.br\/wp-content\/uploads\/2020\/10\/fotoi-768x513.jpg 768w, https:\/\/diarioregionaldigital.com.br\/wp-content\/uploads\/2020\/10\/fotoi-360x240.jpg 360w\" sizes=\"auto, (max-width: 680px) 100vw, 680px\" \/><p id=\"caption-attachment-170199\" class=\"wp-caption-text\">Em sintonia em fam\u00edlia, Jonas Quitz e a m\u00e3e C\u00e1tia Quitz<\/p><\/div>\n<p style=\"text-align: center;\"><strong>FOTOSS\u00cdNTESE<\/strong><\/p>\n<p>Din\u00e2mica e atuante, a escritora Laura Assis em breve lan\u00e7a seu segundo livro \u201cPrimulas em meio a guerra\u201d. Mineira de Barbacena ela relata em seu romance coisas e fatos ambientados na Europa no s\u00e9culo 19.<\/p>\n<p>Rei dos coquet\u00e9is e afins, o bartender Henrique Passos ganhou o t\u00edtulo de ambaixador da marca Gim Nimas Blend, feita em Dores de Campos.<\/p>\n<p>O empres\u00e1rio Jo\u00e3o Mendes Miranda virou o queridinho das personalidades. Mineiro de Guarani ela tem catalogado como contratados, a nutricionista e terapeuta ortomolecular Nath\u00e1lia Braga, Tiririca, Dani Russo, Lucas Neto e Carlinhos Maia.<\/p>\n<p>Foi com festa a inaugura\u00e7\u00e3o da Livraria Leitura com nova unidade no Shopping Jardim Norte.<\/p>\n<p>Sempre na vanguarda, o Hospital Unimed comemora a conquista da nota 9\u00aa no MG Hosp da Federa\u00e7\u00e3o Minas, programa que qualifica a rede hospitalar das Unimeds do estado.<\/p>\n<p>Com caracter\u00edstica pura emo\u00e7\u00e3o a Santa Casa de Juiz de Fora homenageia os pacientes com a Covid-19, exibindo v\u00eddeos dos familiares com mensagens positivas.<\/p>\n<p>O ilustrador Daniel Rodrigues mostra todo seu talento no novo e bonito livro da escritora Margareth Marinho com o t\u00edtulo \u201cGalinha Assada? Humm!!<\/p>\n<p>Entrelinhas: \u201dUma p\u00e1gina em branco \u00e9 uma porta aberta para o universo da imagina\u00e7\u00e3o e da fantasia\u201d (Daniel Rodrigues \u2013 Ilustrador e Professor). Bom dia.<\/p>\n<p><img loading=\"lazy\" decoding=\"async\" class=\"aligncenter size-full wp-image-170201\" src=\"https:\/\/diarioregionaldigital.com.br\/wp-content\/uploads\/2020\/10\/anuncio19-scaled.jpg\" alt=\"\" width=\"2560\" height=\"983\" srcset=\"https:\/\/diarioregionaldigital.com.br\/wp-content\/uploads\/2020\/10\/anuncio19-scaled.jpg 2560w, https:\/\/diarioregionaldigital.com.br\/wp-content\/uploads\/2020\/10\/anuncio19-300x115.jpg 300w, https:\/\/diarioregionaldigital.com.br\/wp-content\/uploads\/2020\/10\/anuncio19-1024x393.jpg 1024w, https:\/\/diarioregionaldigital.com.br\/wp-content\/uploads\/2020\/10\/anuncio19-768x295.jpg 768w, https:\/\/diarioregionaldigital.com.br\/wp-content\/uploads\/2020\/10\/anuncio19-1536x590.jpg 1536w, https:\/\/diarioregionaldigital.com.br\/wp-content\/uploads\/2020\/10\/anuncio19-2048x787.jpg 2048w, https:\/\/diarioregionaldigital.com.br\/wp-content\/uploads\/2020\/10\/anuncio19-360x138.jpg 360w\" sizes=\"auto, (max-width: 2560px) 100vw, 2560px\" \/><\/p>\n","protected":false},"excerpt":{"rendered":"<p>Que Maravilha A turma da Unimed\/JF liderada pelo diretor Darlan Kneipp assistiram entusiasmados o in\u00edcio dos servi\u00e7os de limpeza e recupera\u00e7\u00e3o da Pra\u00e7a Jarbas de Lery Santos, em S\u00e3o Mateus. A Unimed que adotou a pra\u00e7a pretende, numa segunda etapa, promover uma consulta \u00e0 comunidade sobre as melhorias e sugest\u00f5es de equipamentos para a \u00e1rea [&hellip;]<\/p>\n","protected":false},"author":96,"featured_media":170191,"comment_status":"closed","ping_status":"closed","sticky":false,"template":"","format":"standard","meta":{"footnotes":""},"categories":[264],"tags":[],"class_list":["post-170200","post","type-post","status-publish","format-standard","has-post-thumbnail","hentry","category-eduardo-gomes"],"_links":{"self":[{"href":"https:\/\/diarioregionaldigital.com.br\/index.php?rest_route=\/wp\/v2\/posts\/170200","targetHints":{"allow":["GET"]}}],"collection":[{"href":"https:\/\/diarioregionaldigital.com.br\/index.php?rest_route=\/wp\/v2\/posts"}],"about":[{"href":"https:\/\/diarioregionaldigital.com.br\/index.php?rest_route=\/wp\/v2\/types\/post"}],"author":[{"embeddable":true,"href":"https:\/\/diarioregionaldigital.com.br\/index.php?rest_route=\/wp\/v2\/users\/96"}],"replies":[{"embeddable":true,"href":"https:\/\/diarioregionaldigital.com.br\/index.php?rest_route=%2Fwp%2Fv2%2Fcomments&post=170200"}],"version-history":[{"count":0,"href":"https:\/\/diarioregionaldigital.com.br\/index.php?rest_route=\/wp\/v2\/posts\/170200\/revisions"}],"wp:featuredmedia":[{"embeddable":true,"href":"https:\/\/diarioregionaldigital.com.br\/index.php?rest_route=\/wp\/v2\/media\/170191"}],"wp:attachment":[{"href":"https:\/\/diarioregionaldigital.com.br\/index.php?rest_route=%2Fwp%2Fv2%2Fmedia&parent=170200"}],"wp:term":[{"taxonomy":"category","embeddable":true,"href":"https:\/\/diarioregionaldigital.com.br\/index.php?rest_route=%2Fwp%2Fv2%2Fcategories&post=170200"},{"taxonomy":"post_tag","embeddable":true,"href":"https:\/\/diarioregionaldigital.com.br\/index.php?rest_route=%2Fwp%2Fv2%2Ftags&post=170200"}],"curies":[{"name":"wp","href":"https:\/\/api.w.org\/{rel}","templated":true}]}}