{"id":170187,"date":"2020-10-01T20:06:31","date_gmt":"2020-10-01T23:06:31","guid":{"rendered":"https:\/\/diarioregionaldigital.com.br\/?p=170187"},"modified":"2020-10-01T20:06:31","modified_gmt":"2020-10-01T23:06:31","slug":"covid-19-brasil-tem-144-mil-mortes-e-484-milhoes-de-casos-acumulados","status":"publish","type":"post","link":"https:\/\/diarioregionaldigital.com.br\/?p=170187","title":{"rendered":"Covid-19: Brasil tem 144 mil mortes e 4,84 milh\u00f5es de casos acumulados"},"content":{"rendered":"<p>O boletim di\u00e1rio do Minist\u00e9rio da Sa\u00fade, divulgado nesta quinta-feira (1), revela que\u00a0o Brasil registrou 4.847.092 casos confirmados do novo coronav\u00edrus desde o in\u00edcio da pandemia.<img decoding=\"async\" src=\"https:\/\/agenciabrasil.ebc.com.br\/ebc.png?id=1389517&amp;o=node\" \/><img decoding=\"async\" src=\"https:\/\/agenciabrasil.ebc.com.br\/ebc.gif?id=1389517&amp;o=node\" \/><\/p>\n<p>Desse total, 3% dos casos resultaram em morte (144.680); 10,1% dos pacientes est\u00e3o em tratamento (489.640); e 86,9% dos brasileiros que contra\u00edram covid-19 est\u00e3o recuperados (4.212.772).<\/p>\n<p>Nas \u00faltimas 24 horas, foram registrados 728\u00a0\u00f3bitos e 36.157 novos casos confirmados.<\/p>\n<p>As autoridades de sa\u00fade ainda investigam se\u00a0outras 2.440 mortes foram provocadas por coronav\u00edrus.<\/p>\n<h2>SP se aproxima da marca de 1 milh\u00e3o de casos do novo coronav\u00edrus<\/h2>\n<p>Passados pouco mais de sete meses da\u00a0<a href=\"https:\/\/agenciabrasil.ebc.com.br\/saude\/noticia\/2020-02\/ministerio-da-saude-confirma-primeiro-caso-de-coronavirus-no-brasil\" target=\"_blank\" rel=\"noopener noreferrer\">confirma\u00e7\u00e3o do primeiro caso de covid-19 no Brasil<\/a>, o estado de S\u00e3o Paulo est\u00e1 perto de somar um\u00a0milh\u00e3o de casos acumulados do novo coronav\u00edrus. At\u00e9\u00a0<span id=\"OBJ_PREFIX_DWT313_com_zimbra_date\" role=\"link\"><span id=\"OBJ_PREFIX_DWT315_com_zimbra_date\" role=\"link\">hoje<\/span><\/span>\u00a0(1), o estado contabiliza 991.725 casos confirmados, sendo 6.097 deles computados nas \u00faltimas 24 horas. O total de mortes j\u00e1 soma 35.804, sendo que 182 delas foram contabilizadas de\u00a0<span id=\"OBJ_PREFIX_DWT316_com_zimbra_date\" role=\"link\">ontem<\/span>\u00a0para\u00a0<span id=\"OBJ_PREFIX_DWT314_com_zimbra_date\" role=\"link\"><span id=\"OBJ_PREFIX_DWT317_com_zimbra_date\" role=\"link\">hoje<\/span><\/span>.<\/p>\n<p>Do total de casos diagnosticados, 856.453 pessoas est\u00e3o recuperadas da doen\u00e7a, sendo 108.508 delas ap\u00f3s interna\u00e7\u00e3o.<\/p>\n<p>H\u00e1 9.086 pessoas internadas em todo o estado em casos suspeitos ou confirmados do novo coronav\u00edrus, sendo que 3.919 delas est\u00e3o em estado grave. A taxa de ocupa\u00e7\u00e3o de leitos de unidades de terapia intensiva (UTI) est\u00e1 em 44% no estado e em 42,7% na Grande S\u00e3o Paulo. O n\u00famero de novas interna\u00e7\u00f5es no estado est\u00e1 caindo h\u00e1 dez semanas consecutivas e a taxa de ocupa\u00e7\u00e3o j\u00e1 \u00e9 a mais baixa desde o in\u00edcio da pandemia.<\/p>\n<h2>Onde h\u00e1 mais casos de covid-19 no Brasil<\/h2>\n<p>*Casos acumulados desde o in\u00edcio da pandemia<\/p>\n<p>S\u00e3o Paulo = 991.725<\/p>\n<p>Bahia = 312.050<\/p>\n<p>Minas Gerais = 298.607<\/p>\n<p>Rio de Janeiro =\u00a0266.235<\/p>\n<p>Cear\u00e1 = 241.684<\/p>\n<h2>Onde h\u00e1 mais mortes por covid-19 no Brasil<\/h2>\n<p>S\u00e3o Paulo = 35.804<\/p>\n<p>Rio de Janeiro = 18.567<\/p>\n<p>Cear\u00e1 = 9.023<\/p>\n<p>Pernambuco = 8.279<\/p>\n<p>Minas Gerais = 7.436<\/p>\n<p><strong>Fonte:\u00a0<\/strong>Ag\u00eancia Brasil<\/p>\n","protected":false},"excerpt":{"rendered":"<p>O boletim di\u00e1rio do Minist\u00e9rio da Sa\u00fade, divulgado nesta quinta-feira (1), revela que\u00a0o Brasil registrou 4.847.092 casos confirmados do novo coronav\u00edrus desde o in\u00edcio da pandemia. Desse total, 3% dos casos resultaram em morte (144.680); 10,1% dos pacientes est\u00e3o em tratamento (489.640); e 86,9% dos brasileiros que contra\u00edram covid-19 est\u00e3o recuperados (4.212.772). Nas \u00faltimas 24 [&hellip;]<\/p>\n","protected":false},"author":96,"featured_media":170188,"comment_status":"closed","ping_status":"closed","sticky":false,"template":"","format":"standard","meta":{"footnotes":""},"categories":[302,436,440,439],"tags":[],"class_list":["post-170187","post","type-post","status-publish","format-standard","has-post-thumbnail","hentry","category-brasil-mundo","category-destaque-da-semana","category-destaques-do-dia","category-ultima-hora"],"_links":{"self":[{"href":"https:\/\/diarioregionaldigital.com.br\/index.php?rest_route=\/wp\/v2\/posts\/170187","targetHints":{"allow":["GET"]}}],"collection":[{"href":"https:\/\/diarioregionaldigital.com.br\/index.php?rest_route=\/wp\/v2\/posts"}],"about":[{"href":"https:\/\/diarioregionaldigital.com.br\/index.php?rest_route=\/wp\/v2\/types\/post"}],"author":[{"embeddable":true,"href":"https:\/\/diarioregionaldigital.com.br\/index.php?rest_route=\/wp\/v2\/users\/96"}],"replies":[{"embeddable":true,"href":"https:\/\/diarioregionaldigital.com.br\/index.php?rest_route=%2Fwp%2Fv2%2Fcomments&post=170187"}],"version-history":[{"count":0,"href":"https:\/\/diarioregionaldigital.com.br\/index.php?rest_route=\/wp\/v2\/posts\/170187\/revisions"}],"wp:featuredmedia":[{"embeddable":true,"href":"https:\/\/diarioregionaldigital.com.br\/index.php?rest_route=\/wp\/v2\/media\/170188"}],"wp:attachment":[{"href":"https:\/\/diarioregionaldigital.com.br\/index.php?rest_route=%2Fwp%2Fv2%2Fmedia&parent=170187"}],"wp:term":[{"taxonomy":"category","embeddable":true,"href":"https:\/\/diarioregionaldigital.com.br\/index.php?rest_route=%2Fwp%2Fv2%2Fcategories&post=170187"},{"taxonomy":"post_tag","embeddable":true,"href":"https:\/\/diarioregionaldigital.com.br\/index.php?rest_route=%2Fwp%2Fv2%2Ftags&post=170187"}],"curies":[{"name":"wp","href":"https:\/\/api.w.org\/{rel}","templated":true}]}}