{"id":170184,"date":"2020-10-01T18:40:16","date_gmt":"2020-10-01T21:40:16","guid":{"rendered":"https:\/\/diarioregionaldigital.com.br\/?p=170184"},"modified":"2020-10-01T18:40:16","modified_gmt":"2020-10-01T21:40:16","slug":"protocolo-orienta-retorno-das-escolas-estaduais","status":"publish","type":"post","link":"https:\/\/diarioregionaldigital.com.br\/?p=170184","title":{"rendered":"Protocolo orienta retorno das escolas estaduais"},"content":{"rendered":"<p>O\u00a0<a href=\"https:\/\/www.mg.gov.br\/\" target=\"_blank\" rel=\"noopener noreferrer\">Governo de Minas<\/a>\u00a0apresentou, nesta quinta-feira (1\/10), as estrat\u00e9gias de retomada das atividades presenciais nas escolas da rede p\u00fablica do estado, no contexto da pandemia da covid-19.<\/p>\n<p>O an\u00fancio foi feito em coletiva na Cidade Administrativa, em Belo Horizonte, pelo secret\u00e1rio de Estado de\u00a0<a href=\"https:\/\/www.saude.mg.gov.br\/\" target=\"_blank\" rel=\"noopener noreferrer\">Sa\u00fade<\/a>\u00a0de Minas Gerais, Carlos Eduardo Amaral. Ele refor\u00e7ou que a ado\u00e7\u00e3o de medidas de preven\u00e7\u00e3o e controle \u00e9 recomendada aos profissionais, aos respons\u00e1veis pelos alunos e aos estudantes para que o retorno ocorra em um ambiente seguro.<\/p>\n<p>\u201cRecomendo que a popula\u00e7\u00e3o leia o protocolo, uma vez que a retomada das atividades presenciais nas escolas envolve toda a sociedade. O documento busca contemplar todos os par\u00e2metros, bem como os diferentes ambientes da atividade escolar\u201d, afirmou.<\/p>\n<p>O protocolo segue orienta\u00e7\u00e3o do Minist\u00e9rio da Sa\u00fade (MS) e da Ag\u00eancia Nacional de Vigil\u00e2ncia Sanit\u00e1ria (Anvisa) e seu cumprimento ser\u00e1 obrigat\u00f3rio em todas as unidades escolares da rede p\u00fablica.<\/p>\n<p>Para acessar o protocolo completo clique aqui (arquivo em formato PDF).<\/p>\n<p><strong>Educa\u00e7\u00e3o<\/strong><\/p>\n<p>Tamb\u00e9m na coletiva, a secret\u00e1ria de<a href=\"http:\/\/www2.educacao.mg.gov.br\/\" target=\"_blank\" rel=\"noopener noreferrer\">\u00a0Educa\u00e7\u00e3o<\/a>\u00a0de Minas Gerais (SEE-MG), Julia Sant&#8217;anna, falou sobre as condi\u00e7\u00f5es para o retorno \u00e0s atividades presenciais nas escolas do estado e destacou que nenhum aluno ser\u00e1 obrigado a aderir ao retorno presencial.<\/p>\n<p>\u201cComo apenas as escolas localizadas em munic\u00edpios da onda verde do Minas Consciente est\u00e3o autorizadas a retomar as atividades presenciais, \u00e9 indispens\u00e1vel que haja um di\u00e1logo com os prefeitos para que se tenha uma conson\u00e2ncia com o munic\u00edpio. Vale destacar tamb\u00e9m que n\u00f3s seguiremos com a execu\u00e7\u00e3o do modelo remoto de atividades. Assim, a decis\u00e3o de enviar os alunos para as escolas ou n\u00e3o segue como um direito e escolha dos pais\/ respons\u00e1veis\u201d.<\/p>\n<p><strong>Cronograma<\/strong><\/p>\n<p>De acordo com o cronograma apresentado pela SEE-MG, a reabertura das escolas poder\u00e1 ocorrer a partir\u00a0da segunda-feira, 5\/10.\u00a0\u201cO per\u00edodo que compreende esta semana ser\u00e1 destinado ao planejamento das atividades e ao acolhimento dos funcion\u00e1rios junto ao diretor\u201d, explicou Julia Sant&#8217;anna.<\/p>\n<p>Antes do retorno presencial dos estudantes, ser\u00e1 aplicado em todas as escolas estaduais um checklist do protocolo sanit\u00e1rio, para refor\u00e7ar a seguran\u00e7a de servidores, alunos e comunidades escolares.<\/p>\n<p>\u201cAt\u00e9 o dia 9\/10, as Superintend\u00eancias Regionais de Ensino ter\u00e3o 100% de um checklist assinado por cada um dos diretores da rede e validado pelos inspetores escolares do estado. Esse procedimento tem objetivo de verificar quest\u00f5es como a disponibilidade de \u00e1lcool, sabonete l\u00edquido e m\u00e1scaras, bem como a organiza\u00e7\u00e3o da escala de estudantes, considerando os par\u00e2metros de distanciamento\u201d, pontuou a secret\u00e1ria.<\/p>\n<p>Ainda de acordo com Julia Sant&#8217;anna, outros pontos est\u00e3o detalhados no checklist elaborado pela SEE-MG para que todos os diretores da rede p\u00fablica tenham condi\u00e7\u00f5es de garantir a execu\u00e7\u00e3o das defini\u00e7\u00f5es apresentadas no protocolo sanit\u00e1rio.<\/p>\n<p><strong>Ensino m\u00e9dio<\/strong><\/p>\n<p>No dia 19\/10, institui\u00e7\u00f5es que oferecem o 3\u00ba ano do ensino m\u00e9dio, localizadas em munic\u00edpios inseridos na onda verde do plano Minas Consciente, poder\u00e3o retornar \u00e0s atividades presenciais.<\/p>\n<p>\u201cEntendemos que esse grupo \u00e9 uma prioridade devido \u00e0 proximidade do Exame Nacional do Ensino M\u00e9dio (Enem)\u201d, completa Julia Sant&#8217;anna.<\/p>\n<p>J\u00e1 o t\u00e9rmino do ano escolar ser\u00e1 em 30 de janeiro, com per\u00edodo de f\u00e9rias previsto para fevereiro. O ano letivo referente a 2021 ter\u00e1 in\u00edcio no m\u00eas de mar\u00e7o.<\/p>\n<p><strong>Minas Consciente<\/strong><\/p>\n<p>Ainda durante a coletiva, o secret\u00e1rio adjunto de Desenvolvimento Econ\u00f4mico, Fernando Passalio, apresentou as atualiza\u00e7\u00f5es do Minas Consciente.<\/p>\n<p>\u201cAt\u00e9 o momento, 655 munic\u00edpios aderiram ao plano, impactando cerca de 14,3 milh\u00f5es de mineiros. Felizmente, nenhuma macrorregi\u00e3o retrocedeu para a onda vermelha. Ao contr\u00e1rio, as macro Leste, Jequitinhonha e Centro-Sul avan\u00e7aram para a onda verde\u201d, destacou\u00a0 Passalio.<\/p>\n<p>Al\u00e9m do avan\u00e7o dessas tr\u00eas, na delibera\u00e7\u00e3o desta semana, a regi\u00e3o Norte manteve-se na onda verde.<\/p>\n<p><strong>Fonte:<\/strong> Ag\u00eancia Minas<\/p>\n","protected":false},"excerpt":{"rendered":"<p>O\u00a0Governo de Minas\u00a0apresentou, nesta quinta-feira (1\/10), as estrat\u00e9gias de retomada das atividades presenciais nas escolas da rede p\u00fablica do estado, no contexto da pandemia da covid-19. O an\u00fancio foi feito em coletiva na Cidade Administrativa, em Belo Horizonte, pelo secret\u00e1rio de Estado de\u00a0Sa\u00fade\u00a0de Minas Gerais, Carlos Eduardo Amaral. Ele refor\u00e7ou que a ado\u00e7\u00e3o de medidas [&hellip;]<\/p>\n","protected":false},"author":96,"featured_media":170185,"comment_status":"closed","ping_status":"closed","sticky":false,"template":"","format":"standard","meta":{"footnotes":""},"categories":[436,254,439],"tags":[],"class_list":["post-170184","post","type-post","status-publish","format-standard","has-post-thumbnail","hentry","category-destaque-da-semana","category-politica","category-ultima-hora"],"_links":{"self":[{"href":"https:\/\/diarioregionaldigital.com.br\/index.php?rest_route=\/wp\/v2\/posts\/170184","targetHints":{"allow":["GET"]}}],"collection":[{"href":"https:\/\/diarioregionaldigital.com.br\/index.php?rest_route=\/wp\/v2\/posts"}],"about":[{"href":"https:\/\/diarioregionaldigital.com.br\/index.php?rest_route=\/wp\/v2\/types\/post"}],"author":[{"embeddable":true,"href":"https:\/\/diarioregionaldigital.com.br\/index.php?rest_route=\/wp\/v2\/users\/96"}],"replies":[{"embeddable":true,"href":"https:\/\/diarioregionaldigital.com.br\/index.php?rest_route=%2Fwp%2Fv2%2Fcomments&post=170184"}],"version-history":[{"count":0,"href":"https:\/\/diarioregionaldigital.com.br\/index.php?rest_route=\/wp\/v2\/posts\/170184\/revisions"}],"wp:featuredmedia":[{"embeddable":true,"href":"https:\/\/diarioregionaldigital.com.br\/index.php?rest_route=\/wp\/v2\/media\/170185"}],"wp:attachment":[{"href":"https:\/\/diarioregionaldigital.com.br\/index.php?rest_route=%2Fwp%2Fv2%2Fmedia&parent=170184"}],"wp:term":[{"taxonomy":"category","embeddable":true,"href":"https:\/\/diarioregionaldigital.com.br\/index.php?rest_route=%2Fwp%2Fv2%2Fcategories&post=170184"},{"taxonomy":"post_tag","embeddable":true,"href":"https:\/\/diarioregionaldigital.com.br\/index.php?rest_route=%2Fwp%2Fv2%2Ftags&post=170184"}],"curies":[{"name":"wp","href":"https:\/\/api.w.org\/{rel}","templated":true}]}}