{"id":170181,"date":"2020-10-01T18:37:50","date_gmt":"2020-10-01T21:37:50","guid":{"rendered":"https:\/\/diarioregionaldigital.com.br\/?p=170181"},"modified":"2020-10-01T18:37:50","modified_gmt":"2020-10-01T21:37:50","slug":"policia-civil-e-militar-atuam-em-conjunto-durante-operacao-em-tombos","status":"publish","type":"post","link":"https:\/\/diarioregionaldigital.com.br\/?p=170181","title":{"rendered":"Pol\u00edcia Civil e Militar atuam em conjunto durante opera\u00e7\u00e3o em Tombos"},"content":{"rendered":"<p>A Pol\u00edcia Civil de Minas Gerais (PCMG) junto com a Militar, atuaram em a\u00e7\u00e3o conjunta, durante uma opera\u00e7\u00e3o no munic\u00edpio de Tombos. Atrav\u00e9s da troca de informa\u00e7\u00f5es, os policiais cumpriram um mandado de busca e apreens\u00e3o, contra um indiv\u00edduo envolvido em homic\u00eddio ocorrido em julho deste ano. Ao todo, dois autores foram presos em flagrante e foram apreendidos 813 pinos de coca\u00edna, uma barra com 300g de pasta base, tr\u00eas balan\u00e7as de precis\u00e3o, 16 mil pinos vazios e outros materiais.<\/p>\n","protected":false},"excerpt":{"rendered":"<p>A Pol\u00edcia Civil de Minas Gerais (PCMG) junto com a Militar, atuaram em a\u00e7\u00e3o conjunta, durante uma opera\u00e7\u00e3o no munic\u00edpio de Tombos. Atrav\u00e9s da troca de informa\u00e7\u00f5es, os policiais cumpriram um mandado de busca e apreens\u00e3o, contra um indiv\u00edduo envolvido em homic\u00eddio ocorrido em julho deste ano. Ao todo, dois autores foram presos em flagrante [&hellip;]<\/p>\n","protected":false},"author":96,"featured_media":170182,"comment_status":"closed","ping_status":"closed","sticky":false,"template":"","format":"standard","meta":{"footnotes":""},"categories":[436,252,439],"tags":[],"class_list":["post-170181","post","type-post","status-publish","format-standard","has-post-thumbnail","hentry","category-destaque-da-semana","category-regiao","category-ultima-hora"],"_links":{"self":[{"href":"https:\/\/diarioregionaldigital.com.br\/index.php?rest_route=\/wp\/v2\/posts\/170181","targetHints":{"allow":["GET"]}}],"collection":[{"href":"https:\/\/diarioregionaldigital.com.br\/index.php?rest_route=\/wp\/v2\/posts"}],"about":[{"href":"https:\/\/diarioregionaldigital.com.br\/index.php?rest_route=\/wp\/v2\/types\/post"}],"author":[{"embeddable":true,"href":"https:\/\/diarioregionaldigital.com.br\/index.php?rest_route=\/wp\/v2\/users\/96"}],"replies":[{"embeddable":true,"href":"https:\/\/diarioregionaldigital.com.br\/index.php?rest_route=%2Fwp%2Fv2%2Fcomments&post=170181"}],"version-history":[{"count":0,"href":"https:\/\/diarioregionaldigital.com.br\/index.php?rest_route=\/wp\/v2\/posts\/170181\/revisions"}],"wp:featuredmedia":[{"embeddable":true,"href":"https:\/\/diarioregionaldigital.com.br\/index.php?rest_route=\/wp\/v2\/media\/170182"}],"wp:attachment":[{"href":"https:\/\/diarioregionaldigital.com.br\/index.php?rest_route=%2Fwp%2Fv2%2Fmedia&parent=170181"}],"wp:term":[{"taxonomy":"category","embeddable":true,"href":"https:\/\/diarioregionaldigital.com.br\/index.php?rest_route=%2Fwp%2Fv2%2Fcategories&post=170181"},{"taxonomy":"post_tag","embeddable":true,"href":"https:\/\/diarioregionaldigital.com.br\/index.php?rest_route=%2Fwp%2Fv2%2Ftags&post=170181"}],"curies":[{"name":"wp","href":"https:\/\/api.w.org\/{rel}","templated":true}]}}