{"id":170178,"date":"2020-10-01T18:32:47","date_gmt":"2020-10-01T21:32:47","guid":{"rendered":"https:\/\/diarioregionaldigital.com.br\/?p=170178"},"modified":"2020-10-01T18:32:47","modified_gmt":"2020-10-01T21:32:47","slug":"historiador-do-museu-participa-de-live-tematica-sobre-ex-libris","status":"publish","type":"post","link":"https:\/\/diarioregionaldigital.com.br\/?p=170178","title":{"rendered":"Historiador do Museu participa de live tem\u00e1tica sobre ex-libris"},"content":{"rendered":"<p>A convite da criadora do canal do Youtube &#8220;Ca\u00e7adora de Ex-libris&#8221;, Mary Komatsu, o historiador S\u00e9rgio Augusto Vicente, que faz parte do Departamento de A\u00e7\u00f5es Culturais e Acervo T\u00e9cnico (Datec) do Museu \u201cMariano Proc\u00f3pio\u201d participar\u00e1 de live no dia 14, \u00e0s 18 horas. A atividade faz parte de programa\u00e7\u00e3o com ciclo de palestras, \u201cAs Marcas de Proveni\u00eancia e a Cultura Material\u201d. E dentre as pesquisas apresentadas, o trabalho &#8220;Os Ex-libris no Acervo do Museu \u00b4Mariano Proc\u00f3pio`: Refer\u00eancias Hist\u00f3ricas&#8221;. O evento, a ser realizado durante outubro, ter\u00e1 22 sess\u00f5es, formadas por pesquisadores do grupo e convidados, com o objetivo de promover discuss\u00f5es sobre o tema e difundi-lo. A iniciativa conta com a participa\u00e7\u00e3o de v\u00e1rias institui\u00e7\u00f5es no Brasil, M\u00e9xico, Argentina, Estados Unidos e Inglaterra. Os interessados em participar devem se inscrever atrav\u00e9s da plataforma do evento (<a href=\"https:\/\/www.even3.com.br\/ciclomarcasdeprov2020\/\">www.even3.com.br\/ciclomarcasdeprov2020<\/a>).<\/p>\n<p>Ex-libris \u00e9 locu\u00e7\u00e3o latina que significa \u201cdos livros de\u201d, \u201cdentre os livros de\u201d ou \u201c(um) dos livros de\u201d. Trata-se de etiqueta, cuja fun\u00e7\u00e3o \u00e9 identificar a que institui\u00e7\u00e3o ou indiv\u00edduo pertence o item bibliogr\u00e1fico. Assim como as assinaturas, os carimbos e as dedicat\u00f3rias, os ex-libris contribuem para personalizar a obra e inseri-la numa cole\u00e7\u00e3o, dificultando seu extravio. Nesse sentido, alguns propriet\u00e1rios apelavam at\u00e9 mesmo para a \u201cmaldi\u00e7\u00e3o\u201d na hora de confeccion\u00e1-los: \u201cSem livro meu, sem dedo seu\u201d; \u201cEste livro \u00e9 de Fulano, que se ele se perder, pelo amor de Deus, lho torne a dar, sen\u00e3o no inferno o ir\u00e1 pagar\u201d.<\/p>\n<p>Coladas na parte interna, normalmente no verso da capa ou na guarda do livro, essas etiquetas possuem valor que extrapola o mero utilitarismo da identifica\u00e7\u00e3o. Sua produ\u00e7\u00e3o, desde a origem, \u00e9 revestida de car\u00e1ter art\u00edstico, que individualiza e personaliza a obra, ao identificar os gostos, os ideais, os costumes, a profiss\u00e3o, as caracter\u00edsticas e o grupo social de seu propriet\u00e1rio. Os ex-libris apresentam temas variados: her\u00e1ldicos, simb\u00f3licos, paisag\u00edsticos, religiosos. Alguns chamam aten\u00e7\u00e3o por contemplarem tem\u00e1ticas inusitadas, com toques de humor e erotismo. Em 2017, o Museu \u201cMariano Proc\u00f3pio\u201d promoveu exposi\u00e7\u00e3o sobre o tema no parque da institui\u00e7\u00e3o, com a reprodu\u00e7\u00e3o de ex-libris encontrados em diversas obras do acervo. Al\u00e9m disso, neste mesmo ano, e em 2019, S\u00e9rgio, juntamente com a historiadora Priscila Costa Pinheiro, ministraram palestras sobre o tema, durante as edi\u00e7\u00f5es da &#8220;`Primavera dos Museus&#8221;.<\/p>\n<p><strong>Fonte:\u00a0<\/strong>Assessoria<\/p>\n","protected":false},"excerpt":{"rendered":"<p>A convite da criadora do canal do Youtube &#8220;Ca\u00e7adora de Ex-libris&#8221;, Mary Komatsu, o historiador S\u00e9rgio Augusto Vicente, que faz parte do Departamento de A\u00e7\u00f5es Culturais e Acervo T\u00e9cnico (Datec) do Museu \u201cMariano Proc\u00f3pio\u201d participar\u00e1 de live no dia 14, \u00e0s 18 horas. A atividade faz parte de programa\u00e7\u00e3o com ciclo de palestras, \u201cAs Marcas [&hellip;]<\/p>\n","protected":false},"author":96,"featured_media":170179,"comment_status":"closed","ping_status":"closed","sticky":false,"template":"","format":"standard","meta":{"footnotes":""},"categories":[256,436,262,439],"tags":[],"class_list":["post-170178","post","type-post","status-publish","format-standard","has-post-thumbnail","hentry","category-cultura","category-destaque-da-semana","category-noticias","category-ultima-hora"],"_links":{"self":[{"href":"https:\/\/diarioregionaldigital.com.br\/index.php?rest_route=\/wp\/v2\/posts\/170178","targetHints":{"allow":["GET"]}}],"collection":[{"href":"https:\/\/diarioregionaldigital.com.br\/index.php?rest_route=\/wp\/v2\/posts"}],"about":[{"href":"https:\/\/diarioregionaldigital.com.br\/index.php?rest_route=\/wp\/v2\/types\/post"}],"author":[{"embeddable":true,"href":"https:\/\/diarioregionaldigital.com.br\/index.php?rest_route=\/wp\/v2\/users\/96"}],"replies":[{"embeddable":true,"href":"https:\/\/diarioregionaldigital.com.br\/index.php?rest_route=%2Fwp%2Fv2%2Fcomments&post=170178"}],"version-history":[{"count":0,"href":"https:\/\/diarioregionaldigital.com.br\/index.php?rest_route=\/wp\/v2\/posts\/170178\/revisions"}],"wp:featuredmedia":[{"embeddable":true,"href":"https:\/\/diarioregionaldigital.com.br\/index.php?rest_route=\/wp\/v2\/media\/170179"}],"wp:attachment":[{"href":"https:\/\/diarioregionaldigital.com.br\/index.php?rest_route=%2Fwp%2Fv2%2Fmedia&parent=170178"}],"wp:term":[{"taxonomy":"category","embeddable":true,"href":"https:\/\/diarioregionaldigital.com.br\/index.php?rest_route=%2Fwp%2Fv2%2Fcategories&post=170178"},{"taxonomy":"post_tag","embeddable":true,"href":"https:\/\/diarioregionaldigital.com.br\/index.php?rest_route=%2Fwp%2Fv2%2Ftags&post=170178"}],"curies":[{"name":"wp","href":"https:\/\/api.w.org\/{rel}","templated":true}]}}