{"id":170174,"date":"2020-10-01T18:25:32","date_gmt":"2020-10-01T21:25:32","guid":{"rendered":"https:\/\/diarioregionaldigital.com.br\/?p=170174"},"modified":"2020-10-01T18:25:32","modified_gmt":"2020-10-01T21:25:32","slug":"municipio-ultrapassa-a-marca-de-6-100-casos-confirmados-de-coronavirus","status":"publish","type":"post","link":"https:\/\/diarioregionaldigital.com.br\/?p=170174","title":{"rendered":"Munic\u00edpio ultrapassa a marca de 6.100 casos confirmados de Coronav\u00edrus"},"content":{"rendered":"<p>O novo boletim epidemiol\u00f3gico divulgado nesta quinta-feira (1) pela Secretaria de Sa\u00fade (SS) da Prefeitura de Juiz de Fora (PJF), confirma que o munic\u00edpio registrou mais 47 novos casos de Covid-19, acumulando 6.107 pacientes infectados. Nas \u00faltimas 24h, n\u00e3o houve nenhum \u00f3bito registrado e 22.223 pessoas s\u00e3o suspeitas de terem a doen\u00e7a.<\/p>\n<p><b>Leitos\u00a0<\/b><\/p>\n<p>Segundo informa\u00e7\u00f5es da PJF, os leitos de enfermaria est\u00e3o com 61,27% de ocupa\u00e7\u00e3o. J\u00e1 os os leitos de UTI e SUS, est\u00e3o com taxa de 70,70% e 72,25% respectivamente.<\/p>\n<p><b>Isolamento social<\/b><\/p>\n<p>Conforme os dados divulgados pela Prefeitura, o munic\u00edpio apresenta taxa de isolamento social em 49,3%, cuja m\u00e9dia \u00e9 dos \u00faltimos sete dias. O valor continua superior \u00e0 taxa registrada em Minas Gerais, que \u00e9 de 48,46%.<\/p>\n<p><b>Casos e \u00f3bitos confirmados<\/b><\/p>\n<p>Na compara\u00e7\u00e3o com outras cidades do estado, Juiz de Fora permanece como s\u00e9timo munic\u00edpio com maior n\u00famero de casos confirmados. Segundo dados da Secretaria de Estado da Sa\u00fade de Minas Gerais (SES-MG), na primeira posi\u00e7\u00e3o aparece Belo Horizonte com 42.398, Uberl\u00e2ndia em segundo com 28.950, Contagem em terceiro com 9.098, Ipatinga em quarto com 8.693, Montes Claros em quinto com 8.445 e Governador Valadares em sexto com 7.375, estes s\u00e3o os munic\u00edpios que apresentam mais casos confirmados em compara\u00e7\u00e3o com Juiz de Fora.<\/p>\n<p>J\u00e1 na quest\u00e3o das mortes confirmadas, o munic\u00edpio continua na quinta posi\u00e7\u00e3o nesse quesito. Belo Horizonte lidera com 1.256 \u00f3bitos, Uberl\u00e2ndia \u00e9 o segundo com 563, Contagem em terceiro com 374 e Governador Valadares em quarto com 257.<\/p>\n","protected":false},"excerpt":{"rendered":"<p>O novo boletim epidemiol\u00f3gico divulgado nesta quinta-feira (1) pela Secretaria de Sa\u00fade (SS) da Prefeitura de Juiz de Fora (PJF), confirma que o munic\u00edpio registrou mais 47 novos casos de Covid-19, acumulando 6.107 pacientes infectados. Nas \u00faltimas 24h, n\u00e3o houve nenhum \u00f3bito registrado e 22.223 pessoas s\u00e3o suspeitas de terem a doen\u00e7a. Leitos\u00a0 Segundo informa\u00e7\u00f5es [&hellip;]<\/p>\n","protected":false},"author":96,"featured_media":170175,"comment_status":"closed","ping_status":"closed","sticky":false,"template":"","format":"standard","meta":{"footnotes":""},"categories":[253,436,440,439],"tags":[],"class_list":["post-170174","post","type-post","status-publish","format-standard","has-post-thumbnail","hentry","category-cidade","category-destaque-da-semana","category-destaques-do-dia","category-ultima-hora"],"_links":{"self":[{"href":"https:\/\/diarioregionaldigital.com.br\/index.php?rest_route=\/wp\/v2\/posts\/170174","targetHints":{"allow":["GET"]}}],"collection":[{"href":"https:\/\/diarioregionaldigital.com.br\/index.php?rest_route=\/wp\/v2\/posts"}],"about":[{"href":"https:\/\/diarioregionaldigital.com.br\/index.php?rest_route=\/wp\/v2\/types\/post"}],"author":[{"embeddable":true,"href":"https:\/\/diarioregionaldigital.com.br\/index.php?rest_route=\/wp\/v2\/users\/96"}],"replies":[{"embeddable":true,"href":"https:\/\/diarioregionaldigital.com.br\/index.php?rest_route=%2Fwp%2Fv2%2Fcomments&post=170174"}],"version-history":[{"count":0,"href":"https:\/\/diarioregionaldigital.com.br\/index.php?rest_route=\/wp\/v2\/posts\/170174\/revisions"}],"wp:featuredmedia":[{"embeddable":true,"href":"https:\/\/diarioregionaldigital.com.br\/index.php?rest_route=\/wp\/v2\/media\/170175"}],"wp:attachment":[{"href":"https:\/\/diarioregionaldigital.com.br\/index.php?rest_route=%2Fwp%2Fv2%2Fmedia&parent=170174"}],"wp:term":[{"taxonomy":"category","embeddable":true,"href":"https:\/\/diarioregionaldigital.com.br\/index.php?rest_route=%2Fwp%2Fv2%2Fcategories&post=170174"},{"taxonomy":"post_tag","embeddable":true,"href":"https:\/\/diarioregionaldigital.com.br\/index.php?rest_route=%2Fwp%2Fv2%2Ftags&post=170174"}],"curies":[{"name":"wp","href":"https:\/\/api.w.org\/{rel}","templated":true}]}}