{"id":170171,"date":"2020-10-01T18:03:18","date_gmt":"2020-10-01T21:03:18","guid":{"rendered":"https:\/\/diarioregionaldigital.com.br\/?p=170171"},"modified":"2020-10-01T18:03:18","modified_gmt":"2020-10-01T21:03:18","slug":"9-792-animais-recebem-vacina-antirrabica-durante-campanha-de-imunizacao","status":"publish","type":"post","link":"https:\/\/diarioregionaldigital.com.br\/?p=170171","title":{"rendered":"9.792 animais recebem vacina antirr\u00e1bica durante campanha de imuniza\u00e7\u00e3o"},"content":{"rendered":"<p><span style=\"font-weight: 400;\">Iniciada no dia 9 do \u00faltimo m\u00eas, a Campanha da Vacina\u00e7\u00e3o Antirr\u00e1bica, foi encerrada na \u00faltima ter\u00e7a-feira (29), com saldo positivo. As atividades tiveram 15 dias de dura\u00e7\u00e3o e 32 localidades foram visitadas, com utiliza\u00e7\u00e3o de postos fixos e m\u00f3veis.<\/span><\/p>\n<p><span style=\"font-weight: 400;\">Conforme o balan\u00e7o divulgado pelo Setor de Zoonoses da Secretaria de Sa\u00fade (SS), um total de 9.792 animais receberam suas doses da vacina, sendo 8.570 c\u00e3es e 1.222 gatos.<\/span><\/p>\n<p><span style=\"font-weight: 400;\">O levantamento final deste ano, foi superior em rela\u00e7\u00e3o a 2019. Naquela ocasi\u00e3o, foram vacinados 7.063 c\u00e3es e 1.052 gatos, um total 8.115 animais na zona rural.<\/span><\/p>\n<p><span style=\"font-weight: 400;\">O supervisor Jos\u00e9 Geraldo de Castro J\u00fanior esclarece que \u201ca campanha \u00e9 voltada para esses animais por serem os principais transmissores da raiva ao ser humano\u201d. Ele ficou com receio de que a pandemia da Covid-19 produzisse reflexo negativo na campanha, mas aconteceu o contr\u00e1rio. Ele e os demais t\u00e9cnicos constataram aumento do n\u00famero de pessoas que buscaram ref\u00fagio em s\u00edtios e granjas e aproveitaram para vacinar animais. A expans\u00e3o imobili\u00e1ria na zona rural tamb\u00e9m foi observada, com a cria\u00e7\u00e3o de novos condom\u00ednios e consequente aumento tamb\u00e9m do n\u00famero de animais.<\/span><\/p>\n<p><span style=\"font-weight: 400;\">A segunda e \u00faltima etapa da campanha ser\u00e1 cumprida na zona urbana, no dia 24 de outubro. As vacinas j\u00e1 se encontram na Superintend\u00eancia Regional de Sa\u00fade.<\/span><\/p>\n","protected":false},"excerpt":{"rendered":"<p>Iniciada no dia 9 do \u00faltimo m\u00eas, a Campanha da Vacina\u00e7\u00e3o Antirr\u00e1bica, foi encerrada na \u00faltima ter\u00e7a-feira (29), com saldo positivo. As atividades tiveram 15 dias de dura\u00e7\u00e3o e 32 localidades foram visitadas, com utiliza\u00e7\u00e3o de postos fixos e m\u00f3veis. Conforme o balan\u00e7o divulgado pelo Setor de Zoonoses da Secretaria de Sa\u00fade (SS), um total [&hellip;]<\/p>\n","protected":false},"author":96,"featured_media":170172,"comment_status":"closed","ping_status":"closed","sticky":false,"template":"","format":"standard","meta":{"footnotes":""},"categories":[253,436,439],"tags":[],"class_list":["post-170171","post","type-post","status-publish","format-standard","has-post-thumbnail","hentry","category-cidade","category-destaque-da-semana","category-ultima-hora"],"_links":{"self":[{"href":"https:\/\/diarioregionaldigital.com.br\/index.php?rest_route=\/wp\/v2\/posts\/170171","targetHints":{"allow":["GET"]}}],"collection":[{"href":"https:\/\/diarioregionaldigital.com.br\/index.php?rest_route=\/wp\/v2\/posts"}],"about":[{"href":"https:\/\/diarioregionaldigital.com.br\/index.php?rest_route=\/wp\/v2\/types\/post"}],"author":[{"embeddable":true,"href":"https:\/\/diarioregionaldigital.com.br\/index.php?rest_route=\/wp\/v2\/users\/96"}],"replies":[{"embeddable":true,"href":"https:\/\/diarioregionaldigital.com.br\/index.php?rest_route=%2Fwp%2Fv2%2Fcomments&post=170171"}],"version-history":[{"count":0,"href":"https:\/\/diarioregionaldigital.com.br\/index.php?rest_route=\/wp\/v2\/posts\/170171\/revisions"}],"wp:featuredmedia":[{"embeddable":true,"href":"https:\/\/diarioregionaldigital.com.br\/index.php?rest_route=\/wp\/v2\/media\/170172"}],"wp:attachment":[{"href":"https:\/\/diarioregionaldigital.com.br\/index.php?rest_route=%2Fwp%2Fv2%2Fmedia&parent=170171"}],"wp:term":[{"taxonomy":"category","embeddable":true,"href":"https:\/\/diarioregionaldigital.com.br\/index.php?rest_route=%2Fwp%2Fv2%2Fcategories&post=170171"},{"taxonomy":"post_tag","embeddable":true,"href":"https:\/\/diarioregionaldigital.com.br\/index.php?rest_route=%2Fwp%2Fv2%2Ftags&post=170171"}],"curies":[{"name":"wp","href":"https:\/\/api.w.org\/{rel}","templated":true}]}}