{"id":170168,"date":"2020-10-01T17:52:51","date_gmt":"2020-10-01T20:52:51","guid":{"rendered":"https:\/\/diarioregionaldigital.com.br\/?p=170168"},"modified":"2020-10-01T17:52:51","modified_gmt":"2020-10-01T20:52:51","slug":"antonio-almas-diz-que-aulas-continuam-suspensas-nas-escolas-e-universidades","status":"publish","type":"post","link":"https:\/\/diarioregionaldigital.com.br\/?p=170168","title":{"rendered":"Ant\u00f4nio Almas diz que aulas continuam suspensas nas escolas e universidades"},"content":{"rendered":"<p>O prefeito Ant\u00f4nio Almas participou de transmiss\u00e3o ao vivo (live) pelas redes sociais da Prefeitura de Juiz de Fora (PJF) na manh\u00e3 desta quinta-feira, 1\u00ba de outubro, com o objetivo de atualizar os dados referentes \u00e0 pandemia do coronav\u00edrus (covid-19) na cidade. Al\u00e9m da atualiza\u00e7\u00e3o dos n\u00fameros, tamb\u00e9m foi feita avalia\u00e7\u00e3o sobre o processo de volta \u00e0s aulas em todas os graus, inclusive o superior.<\/p>\n<p>De acordo com dados apresentados pelo prefeito, a eventual volta \u00e0s aulas, de todos os ensinos, das redes p\u00fablica e privada, resultaria em mais de 200 mil estudantes circulando pelas ruas da cidade, diariamente. Almas destacou que as caracter\u00edsticas s\u00e3o diferenciadas para cada escola e grau de ensino, mas n\u00e3o \u00e9 poss\u00edvel olhar o fato isoladamente: &#8220;Temos que entender a cidade como um todo, n\u00e3o s\u00f3 o fato de estar na escola. Com a volta \u00e0s aulas, a circula\u00e7\u00e3o de pessoas aumentaria muito, e nossos indicadores demonstram que ainda n\u00e3o \u00e9 o momento. Estamos com uma taxa de transmissibilidade muito alta, e o n\u00famero de \u00f3bitos batendo recorde. Foram 44 pessoas que morreram devido \u00e0 covid nas \u00faltimas tr\u00eas semanas. S\u00f3 nos \u00faltimos quatro dias foram 17&#8221;. Os est\u00e1gios e aulas presenciais do ensino superior tamb\u00e9m continuam suspensas. &#8220;As turmas, mesmo pequenas, acabam aglomerando pessoas. Estamos acompanhando os dados para tomarmos as atitudes certas&#8221;, justificou.<\/p>\n<p>Na semana passada, o n\u00famero de casos suspeitos na cidade foi de 1.354, e os confirmados somaram 336. Nesta semana j\u00e1 s\u00e3o 105 confirmados e 632 suspeitos. No \u00faltimo dia 22, 58 leitos de Unidade de Terapia Intensiva (UTI) estavam ocupados com pacientes com covid-19. Na quarta-feira, 30 de setembro, o total de leitos ocupados (covid e n\u00e3o) era de 131. A cidade tem 173 leitos de UTI nas redes p\u00fablica e privada, e outros dez em transfer\u00eancia para o Hospital \u201cJo\u00e3o Penido\u201d.<\/p>\n<p>&#8220;\u00c9 preciso vencer os desafios para avan\u00e7armos para a onda verde. Se os dados epidemiol\u00f3gicos continuarem ruins, vamos ter que regredir, ao inv\u00e9s de avan\u00e7ar. Antes da vacina, n\u00e3o teremos uma \u00b4normalidade`. Por isso, cada um precisa fazer sua parte, ficando em casa, quando pode, e saindo com seguran\u00e7a, fazendo o uso correto da m\u00e1scara, a higieniza\u00e7\u00e3o das m\u00e3os e das superf\u00edcies de contato. Se todos colaborarem e evitarem aglomera\u00e7\u00f5es, conseguiremos dar um passo \u00e0 frente&#8221;, refor\u00e7ou Ant\u00f4nio Almas.<\/p>\n<p>O aumento do n\u00famero de casos confirmados em Juiz de Fora foi majoritariamente em pessoas entre 20 e 35 anos. &#8220;Estamos frente a uma doen\u00e7a muito din\u00e2mica. Os jovens t\u00eam que se preservar. Pois quando ele se contamina, pode n\u00e3o evoluir para um caso grave, mas \u00e9 um vetor de contamina\u00e7\u00e3o para outros. A taxa de transmissibilidade chegou a 1,6, e precisa estar abaixo de um para avan\u00e7armos&#8221;, enumerou o prefeito.<\/p>\n<p><strong>Fonte:<\/strong> Assessoria<\/p>\n","protected":false},"excerpt":{"rendered":"<p>O prefeito Ant\u00f4nio Almas participou de transmiss\u00e3o ao vivo (live) pelas redes sociais da Prefeitura de Juiz de Fora (PJF) na manh\u00e3 desta quinta-feira, 1\u00ba de outubro, com o objetivo de atualizar os dados referentes \u00e0 pandemia do coronav\u00edrus (covid-19) na cidade. Al\u00e9m da atualiza\u00e7\u00e3o dos n\u00fameros, tamb\u00e9m foi feita avalia\u00e7\u00e3o sobre o processo de [&hellip;]<\/p>\n","protected":false},"author":96,"featured_media":170169,"comment_status":"closed","ping_status":"closed","sticky":false,"template":"","format":"standard","meta":{"footnotes":""},"categories":[253,436,440,439],"tags":[],"class_list":["post-170168","post","type-post","status-publish","format-standard","has-post-thumbnail","hentry","category-cidade","category-destaque-da-semana","category-destaques-do-dia","category-ultima-hora"],"_links":{"self":[{"href":"https:\/\/diarioregionaldigital.com.br\/index.php?rest_route=\/wp\/v2\/posts\/170168","targetHints":{"allow":["GET"]}}],"collection":[{"href":"https:\/\/diarioregionaldigital.com.br\/index.php?rest_route=\/wp\/v2\/posts"}],"about":[{"href":"https:\/\/diarioregionaldigital.com.br\/index.php?rest_route=\/wp\/v2\/types\/post"}],"author":[{"embeddable":true,"href":"https:\/\/diarioregionaldigital.com.br\/index.php?rest_route=\/wp\/v2\/users\/96"}],"replies":[{"embeddable":true,"href":"https:\/\/diarioregionaldigital.com.br\/index.php?rest_route=%2Fwp%2Fv2%2Fcomments&post=170168"}],"version-history":[{"count":0,"href":"https:\/\/diarioregionaldigital.com.br\/index.php?rest_route=\/wp\/v2\/posts\/170168\/revisions"}],"wp:featuredmedia":[{"embeddable":true,"href":"https:\/\/diarioregionaldigital.com.br\/index.php?rest_route=\/wp\/v2\/media\/170169"}],"wp:attachment":[{"href":"https:\/\/diarioregionaldigital.com.br\/index.php?rest_route=%2Fwp%2Fv2%2Fmedia&parent=170168"}],"wp:term":[{"taxonomy":"category","embeddable":true,"href":"https:\/\/diarioregionaldigital.com.br\/index.php?rest_route=%2Fwp%2Fv2%2Fcategories&post=170168"},{"taxonomy":"post_tag","embeddable":true,"href":"https:\/\/diarioregionaldigital.com.br\/index.php?rest_route=%2Fwp%2Fv2%2Ftags&post=170168"}],"curies":[{"name":"wp","href":"https:\/\/api.w.org\/{rel}","templated":true}]}}