{"id":170166,"date":"2020-10-01T16:17:34","date_gmt":"2020-10-01T19:17:34","guid":{"rendered":"https:\/\/diarioregionaldigital.com.br\/?p=170166"},"modified":"2020-10-01T16:17:34","modified_gmt":"2020-10-01T19:17:34","slug":"uefa-sorteia-os-grupos-da-liga-dos-campeoes","status":"publish","type":"post","link":"https:\/\/diarioregionaldigital.com.br\/?p=170166","title":{"rendered":"UEFA sorteia os grupos da Liga dos Campe\u00f5es"},"content":{"rendered":"<p>Em sorteio realizado nesta quinta-feira (1) em Genebra na Su\u00ed\u00e7a, a Uni\u00e3o das Associa\u00e7\u00f5es de Futebol Europeu (UEFA), realizou o sorteio de defini\u00e7\u00e3o dos grupos da Liga dos Campe\u00f5es, temporada 2020\/2021. A nova edi\u00e7\u00e3o ir\u00e1 presentear aos apaixonados por futebol, um momento hist\u00f3rico: haver\u00e1 o confronto Messi x Cristiano Ronaldo, pela primeira vez nesta fase. Isso porque Barcelona e Juventus foram sorteados para o mesmo grupo. A grande decis\u00e3o da Champions ser\u00e1 no dia 29 de maio do pr\u00f3ximo ano, no Est\u00e1dio Ol\u00edmpico Ataturk em Istambul na Turquia.<\/p>\n<p><strong>Confira os grupos<\/strong><\/p>\n<p><strong>Grupo A:\u00a0<\/strong>Bayern de Munique (Alemanha), Atl\u00e9tico de Madrid (Espanha), Red Bull Salzburg (\u00c1ustria) e Lokomotiv Moscou (R\u00fassia);<\/p>\n<p><strong>Grupo B:\u00a0<\/strong>Real Madrid (Espanha), Shakhtar Donetsk (Ucr\u00e2nia), Internazionale (It\u00e1lia) e Borussia M\u00f6nchengladbach (Alemanha);<\/p>\n<p><strong>Grupo C:\u00a0<\/strong>Porto (Portugal), Manchester City (Inglaterra), Olympiacos (Gr\u00e9cia) e Olympique de Marselha (Fran\u00e7a);<\/p>\n<p><strong>Grupo D:\u00a0<\/strong>Liverpool (Inglaterra), Ajax (Holanda), Atalanta (It\u00e1lia) e Midtjylland (Dinamarca);<\/p>\n<p><strong>Grupo E:\u00a0<\/strong>Sevilla (Espanha), Chelsea (Inglaterra), Krasnodar (R\u00fassia) e Rennes (Fran\u00e7a);<\/p>\n<p><strong>Grupo F:\u00a0<\/strong>Zenit (R\u00fassia), Borussia Dortmund (Alemanha), Lazio (It\u00e1lia) e Brugge (B\u00e9lgica);<\/p>\n<p><strong>Grupo G:\u00a0<\/strong>Juventus (It\u00e1lia), Barcelona (Espanha), D\u00ednamo de Kiev (Ucr\u00e2nia) e Ferencv\u00e1ros (Hungria);<\/p>\n<p><strong>Grupo H:\u00a0<\/strong>Paris Saint-Germain (Fran\u00e7a), Manchester United (Inglaterra), RB Leipzig (Alemanha) e Istanbul Basaksehir (Turquia);<\/p>\n<p><strong>Data dos jogos<\/strong><\/p>\n<p>1\u00aa rodada: 20 e 21\/10<\/p>\n<p>2\u00aa rodada: 27 e 28\/10<\/p>\n<p>3\u00aa rodada: 3 e 4\/11<\/p>\n<p>4\u00aa rodada: 24 e 25\/11<\/p>\n<p>5\u00aa rodada: 1 e 2\/12<\/p>\n<p>6\u00aa rodada: 8 e 9\/12<\/p>\n<p><strong>Pr\u00eamios\u00a0<\/strong><\/p>\n<p>Ap\u00f3s o t\u00e9rmino do sorteio, a entidade m\u00e1xima do futebol europeu, divulgou tamb\u00e9m os vencedores dos pr\u00eamios de melhores jogadores e treinadores, tanto do futebol masculino quanto do feminino.<\/p>\n<p>Na categoria de melhor jogador, o vencedor foi o polon\u00eas Robert Lewandowski do Bayern de Munique. O artilheiro do clube alem\u00e3o na temporada, foi eleito melhor da Europa com 477 pontos, ap\u00f3s vota\u00e7\u00e3o entre 80 treinadores dos times participantes da \u00faltima edi\u00e7\u00e3o da Liga dos Campe\u00f5es.<\/p>\n<p>No futebol feminino, a ganhadora foi a dinamarquesa Pernille Harder, do Chelsea. Ela tamb\u00e9m foi eleita a melhor atacante da temporada.<\/p>\n<p>J\u00e1 entre os treinadores, Hansi Flick, do Bayern de Munique foi eleito melhor t\u00e9cnico do futebol masculino e a francesa Jean-Luc Vasseur, do Lyon, ganhou na vota\u00e7\u00e3o de melhor t\u00e9cnica da Europa.<\/p>\n<p><strong>Pr\u00eamios por posi\u00e7\u00e3o<\/strong><\/p>\n<p><strong>Goleiro:\u00a0<\/strong>Manuel Neuer; <strong>Defensor:\u00a0<\/strong>Joshua Kimmich;\u00a0<strong>Meia:\u00a0<\/strong>Kevin de Bruyne;\u00a0<strong>Atacante: <\/strong>Robert Lewandowski;<\/p>\n<p><strong>Goleira:\u00a0<\/strong>Sarah Bouhaddi;\u00a0<strong>Defensora:\u00a0<\/strong>Wendie Renard;\u00a0<strong>Meia:\u00a0<\/strong>Dzsenifer Marozs\u00e1n;\u00a0<strong>Atacante:\u00a0<\/strong>Pernille Harder;<\/p>\n","protected":false},"excerpt":{"rendered":"<p>Em sorteio realizado nesta quinta-feira (1) em Genebra na Su\u00ed\u00e7a, a Uni\u00e3o das Associa\u00e7\u00f5es de Futebol Europeu (UEFA), realizou o sorteio de defini\u00e7\u00e3o dos grupos da Liga dos Campe\u00f5es, temporada 2020\/2021. A nova edi\u00e7\u00e3o ir\u00e1 presentear aos apaixonados por futebol, um momento hist\u00f3rico: haver\u00e1 o confronto Messi x Cristiano Ronaldo, pela primeira vez nesta fase. [&hellip;]<\/p>\n","protected":false},"author":96,"featured_media":162220,"comment_status":"closed","ping_status":"closed","sticky":false,"template":"","format":"standard","meta":{"footnotes":""},"categories":[436,257,439],"tags":[],"class_list":["post-170166","post","type-post","status-publish","format-standard","has-post-thumbnail","hentry","category-destaque-da-semana","category-esporte","category-ultima-hora"],"_links":{"self":[{"href":"https:\/\/diarioregionaldigital.com.br\/index.php?rest_route=\/wp\/v2\/posts\/170166","targetHints":{"allow":["GET"]}}],"collection":[{"href":"https:\/\/diarioregionaldigital.com.br\/index.php?rest_route=\/wp\/v2\/posts"}],"about":[{"href":"https:\/\/diarioregionaldigital.com.br\/index.php?rest_route=\/wp\/v2\/types\/post"}],"author":[{"embeddable":true,"href":"https:\/\/diarioregionaldigital.com.br\/index.php?rest_route=\/wp\/v2\/users\/96"}],"replies":[{"embeddable":true,"href":"https:\/\/diarioregionaldigital.com.br\/index.php?rest_route=%2Fwp%2Fv2%2Fcomments&post=170166"}],"version-history":[{"count":0,"href":"https:\/\/diarioregionaldigital.com.br\/index.php?rest_route=\/wp\/v2\/posts\/170166\/revisions"}],"wp:featuredmedia":[{"embeddable":true,"href":"https:\/\/diarioregionaldigital.com.br\/index.php?rest_route=\/wp\/v2\/media\/162220"}],"wp:attachment":[{"href":"https:\/\/diarioregionaldigital.com.br\/index.php?rest_route=%2Fwp%2Fv2%2Fmedia&parent=170166"}],"wp:term":[{"taxonomy":"category","embeddable":true,"href":"https:\/\/diarioregionaldigital.com.br\/index.php?rest_route=%2Fwp%2Fv2%2Fcategories&post=170166"},{"taxonomy":"post_tag","embeddable":true,"href":"https:\/\/diarioregionaldigital.com.br\/index.php?rest_route=%2Fwp%2Fv2%2Ftags&post=170166"}],"curies":[{"name":"wp","href":"https:\/\/api.w.org\/{rel}","templated":true}]}}