{"id":170163,"date":"2020-10-01T15:52:46","date_gmt":"2020-10-01T18:52:46","guid":{"rendered":"https:\/\/diarioregionaldigital.com.br\/?p=170163"},"modified":"2020-10-01T15:52:46","modified_gmt":"2020-10-01T18:52:46","slug":"dueto-titular-para-o-pre-olimpico-de-nado-artistico-sera-definido-neste-fim-de-semana","status":"publish","type":"post","link":"https:\/\/diarioregionaldigital.com.br\/?p=170163","title":{"rendered":"Dueto titular para o Pr\u00e9-Ol\u00edmpico de Nado Art\u00edstico ser\u00e1 definido neste fim de semana"},"content":{"rendered":"<p><span style=\"font-weight: 400;\">O dueto brasileiro titular para o Campeonato Pr\u00e9-Ol\u00edmpico de Nado Art\u00edstico ser\u00e1 definido neste fim de semana. Em uma avalia\u00e7\u00e3o que contar\u00e1 com \u00e1rbitros nacionais e internacionais, Laura Miccuci, Luisa Borges e Maria Bruno far\u00e3o suas apresenta\u00e7\u00f5es no Tijuca T\u00eanis Clube, no Rio de Janeiro, para saber qual ser\u00e1 a dupla que treinar\u00e1 como titular at\u00e9 a competi\u00e7\u00e3o no ano que vem.<\/span><\/p>\n<p><span style=\"font-weight: 400;\">No pr\u00f3ximo s\u00e1bado (3), ser\u00e1 realizada a avalia\u00e7\u00e3o da rotina t\u00e9cnica, onde as atletas precisam cumprir movimentos previamente definidos pela regra. No domingo (4), ser\u00e1 a rotina livre. A ordem de combina\u00e7\u00f5es do dueto ser\u00e1 nesta sexta-feira (2).<\/span><\/p>\n<p><span style=\"font-weight: 400;\">No s\u00e1bado e no domingo, faremos uma avalia\u00e7\u00e3o com \u00e1rbitros e t\u00e9cnicos internacionais e nacionais para a escolha do dueto titular que ir\u00e1 disputar uma vaga durante o Pr\u00e9-Olimpico para os Jogos Ol\u00edmpicos em 2021. Estamos ansiosos para a defini\u00e7\u00e3o do dueto titular e, assim, podermos focar ainda mais nos treinos com as atletas&#8221;, disse a supervisora de Nado Art\u00edstico, Juliana Dias.<\/span><\/p>\n<p><span style=\"font-weight: 400;\">As atletas ser\u00e3o avaliadas pela plataforma Zoom por quatro t\u00e9cnicas (duas brasileiras, uma canadense e uma russa) e cinco ju\u00edzas FINA (tr\u00eas brasileiras, uma argentina e uma uruguaia). Os avaliadores far\u00e3o um ranking com as melhores combina\u00e7\u00f5es de dueto. Cada classifica\u00e7\u00e3o valer\u00e1 pontos para a defini\u00e7\u00e3o final do dueto titular: 1\u00ba colocado (8 pontos), 2\u00ba colocado (6 pontos) e 3\u00ba colocado (5 pontos).\u00a0<\/span><\/p>\n<p><span style=\"font-weight: 400;\">O Pr\u00e9-Ol\u00edmpico de Nado Art\u00edstico ser\u00e1 disputado em mar\u00e7o, no Jap\u00e3o. De acordo com a supervisora da modalidade da CBDA, Juliana Dias, os meses de anteced\u00eancia tendem a ser positivos para a prepara\u00e7\u00e3o do dueto. &#8220;Fazendo a avalia\u00e7\u00e3o e definindo o dueto titular com tantos meses de anteced\u00eancia, s\u00f3 temos pontos positivos a acrescentar. Principalmente na melhora do desenvolvimento t\u00e9cnico das atletas e da qualidade dos treinos&#8221;, finalizou.<\/span><\/p>\n<p><strong>Fonte:<\/strong> CBDA<\/p>\n","protected":false},"excerpt":{"rendered":"<p>O dueto brasileiro titular para o Campeonato Pr\u00e9-Ol\u00edmpico de Nado Art\u00edstico ser\u00e1 definido neste fim de semana. Em uma avalia\u00e7\u00e3o que contar\u00e1 com \u00e1rbitros nacionais e internacionais, Laura Miccuci, Luisa Borges e Maria Bruno far\u00e3o suas apresenta\u00e7\u00f5es no Tijuca T\u00eanis Clube, no Rio de Janeiro, para saber qual ser\u00e1 a dupla que treinar\u00e1 como titular [&hellip;]<\/p>\n","protected":false},"author":96,"featured_media":170164,"comment_status":"closed","ping_status":"closed","sticky":false,"template":"","format":"standard","meta":{"footnotes":""},"categories":[436,257,439],"tags":[],"class_list":["post-170163","post","type-post","status-publish","format-standard","has-post-thumbnail","hentry","category-destaque-da-semana","category-esporte","category-ultima-hora"],"_links":{"self":[{"href":"https:\/\/diarioregionaldigital.com.br\/index.php?rest_route=\/wp\/v2\/posts\/170163","targetHints":{"allow":["GET"]}}],"collection":[{"href":"https:\/\/diarioregionaldigital.com.br\/index.php?rest_route=\/wp\/v2\/posts"}],"about":[{"href":"https:\/\/diarioregionaldigital.com.br\/index.php?rest_route=\/wp\/v2\/types\/post"}],"author":[{"embeddable":true,"href":"https:\/\/diarioregionaldigital.com.br\/index.php?rest_route=\/wp\/v2\/users\/96"}],"replies":[{"embeddable":true,"href":"https:\/\/diarioregionaldigital.com.br\/index.php?rest_route=%2Fwp%2Fv2%2Fcomments&post=170163"}],"version-history":[{"count":0,"href":"https:\/\/diarioregionaldigital.com.br\/index.php?rest_route=\/wp\/v2\/posts\/170163\/revisions"}],"wp:featuredmedia":[{"embeddable":true,"href":"https:\/\/diarioregionaldigital.com.br\/index.php?rest_route=\/wp\/v2\/media\/170164"}],"wp:attachment":[{"href":"https:\/\/diarioregionaldigital.com.br\/index.php?rest_route=%2Fwp%2Fv2%2Fmedia&parent=170163"}],"wp:term":[{"taxonomy":"category","embeddable":true,"href":"https:\/\/diarioregionaldigital.com.br\/index.php?rest_route=%2Fwp%2Fv2%2Fcategories&post=170163"},{"taxonomy":"post_tag","embeddable":true,"href":"https:\/\/diarioregionaldigital.com.br\/index.php?rest_route=%2Fwp%2Fv2%2Ftags&post=170163"}],"curies":[{"name":"wp","href":"https:\/\/api.w.org\/{rel}","templated":true}]}}